{"id":800,"date":"2016-06-29T08:20:42","date_gmt":"2016-06-29T11:20:42","guid":{"rendered":"http:\/\/turbiani.com\/?p=800"},"modified":"2017-01-25T14:41:13","modified_gmt":"2017-01-25T17:41:13","slug":"registro-de-marca","status":"publish","type":"post","link":"https:\/\/turbiani.com\/wpturbiani\/registro-de-marca\/","title":{"rendered":"Devemos registrar a marca?"},"content":{"rendered":"<p>Sim e n\u00e3o.<\/p>\n<p>O registro da marca no INPI \u00e9 essencial para todos os com\u00e9rcios, produtos ou servi\u00e7os que quiserem crescer e multiplicar, porque ele impede o uso indiscriminado do seu nome e do seu logotipo por neg\u00f3cios da mesma natureza que o seu.<\/p>\n<p>Imagine voc\u00ea fazer o investimento na cria\u00e7\u00e3o do seu nome e logotipo, depois fazer a aplica\u00e7\u00e3o dele na fachada da sua empresa, ou na embalagem do seu produto, no seu cart\u00e3o de visita e de todos os funcion\u00e1rios, no seu site, nas sacolas ou nas camisetas: Jurassic Burguer &#8211; o Hamb\u00farguer Gigant\u00e3o.<\/p>\n<p>A\u00ed voc\u00ea cresce. Seu Hamb\u00farguer Gigant\u00e3o passa a ser um com\u00e9rcio franque\u00e1vel e voc\u00ea percebe que nunca registrou a marca. Vai no INPI e faz o pedido sem a ajuda de algu\u00e9m especializado: registra \u201cJurassic Burguer &#8211; o Hamb\u00farguer Gigant\u00e3o\u201d e continua a crescer, porque seu hamb\u00farguer \u00e9 muito bom. Est\u00e1 feliz\u00e3o!<\/p>\n<p>Dois anos depois, voc\u00ea recebe uma carta de oposi\u00e7\u00e3o de um advogado dizendo que voc\u00ea n\u00e3o pode registrar nem usar este nome, porque seu cliente j\u00e1 \u00e9 propriet\u00e1rio do nome \u201cJurassik Burger\u201d h\u00e1 mais tempo que voc\u00ea e isso \u00e9 proibido segundo o Art. 124 da Lei da Propriedade Industrial:<\/p>\n<blockquote class=\"left\"><p>XIX. Reprodu\u00e7\u00e3o ou imita\u00e7\u00e3o, <b>no todo ou em parte<\/b>, ainda que com acr\u00e9scimo, de marca alheia registrada, para distinguir ou certificar produto ou servi\u00e7o id\u00eantico, semelhante ou afim, suscet\u00edvel de causar confus\u00e3o ou associa\u00e7\u00e3o com marca alheia;<\/p><\/blockquote>\n<p>Voc\u00ea consulta um advogado e, sim, ele tem raz\u00e3o, voc\u00ea ter\u00e1 que mudar o seu nome e refazer e reaplicar a marca em todas as lojas da sua franquia\u00a0\u2013\u00a0o qu\u00ea, ali\u00e1s, \u00e9 um dos maiores motivos de indeferimento.\u00a0Cataploft, certo?<\/p>\n<p>Outra situa\u00e7\u00e3o: voc\u00ea j\u00e1 pagou R$ 355 pelo pedido de registro e aguardou uns dois anos. A\u00ed recebe uma carta do INPI dizendo que seu registro foi indeferido porque usou:<\/p>\n<blockquote>\n<p class=\"center\">VII. Sinal ou express\u00e3o empregada <strong>apenas como meio de propaganda<\/strong>;<\/p>\n<\/blockquote>\n<p>O que te obriga a recontratar o designer para arrumar o logo (e pag\u00e1-lo por isso), a pagar taxas extras do recurso no INPI, talvez tenha que contratar um advogado para isso e ainda ter\u00e1 que esperar mais tempo para conseguir o registro, que j\u00e1 te custar\u00e1 R$ 745,00!<\/p>\n<p>Ou pior! Sem saber que poderia recorrer (afinal era s\u00f3 retirar o slogan do pedido) porque registrou a marca sem ajuda especializada, chega \u00e0 conclus\u00e3o de que vai ter que refazer o seu nome e refazer e reaplicar a marca em todas as lojas da sua franquia.<\/p>\n<p><strong>Como podem concluir, n\u00e3o s\u00f3 \u00e9 necess\u00e1rio o registro feito da forma correta, como \u00e9 necess\u00e1rio um nome e um logotipo original.<\/strong> Os prazos dos processos no INPI s\u00e3o longos e a cada recurso s\u00e3o muitos meses de espera. Para voc\u00eas terem uma ideia, depois da marca ter sido deferida, o que pode levar uns tr\u00eas anos, ainda existe a possibilidade de algu\u00e9m entrar com um pedido de nulidade por 180 dias, caso perceba que algo no seu registro n\u00e3o est\u00e1 conforme a Lei de Propriedade Industrial.<\/p>\n<p>Mas, se voc\u00ea quiser ser um com\u00e9rcio de rua para sempre, daqueles que informam mais o que fazem do que o nome e logo na fachada, voc\u00ea pode ficar tranquilo. Ningu\u00e9m vai notar se voc\u00ea tiver que trocar tudo.<\/p>\n<p>&nbsp;<\/p>\n<p>Obrigada pela leitura e voc\u00ea pode me achar <a href=\"https:\/\/br.linkedin.com\/in\/gturbiani\" target=\"_blank\">aqui<\/a> no LinkedIn, ou <a href=\"https:\/\/www.facebook.com\/gturbiani\" target=\"_blank\" rel=\"nofollow\">aqui<\/a>\u00a0no Facebook. Estou preparando\u00a0aulas online de Naming, Prop\u00f3sito e Identidade Visual, quem se interessar pode me mandar um email para gabriella<a target=\"_blank\" rel=\"nofollow\">@turbiani.com<\/a>\u00a0para entrar na minha lista de futuros alunos, que entro em contato quando tudo estiver pronto.<\/p>\n<p>&nbsp;<\/p>\n<p><!-- Hotjar Tracking Code for http:\/\/www.turbiani.com --><br \/>\n<script>\n    (function(h,o,t,j,a,r){\n        h.hj=h.hj||function(){(h.hj.q=h.hj.q||[]).push(arguments)};\n        h._hjSettings={hjid:276456,hjsv:5};\n        a=o.getElementsByTagName('head')[0];\n        r=o.createElement('script');r.async=1;\n        r.src=t+h._hjSettings.hjid+j+h._hjSettings.hjsv;\n        a.appendChild(r);\n    })(window,document,'\/\/static.hotjar.com\/c\/hotjar-','.js?sv=');\n<\/script><\/p>\n","protected":false},"excerpt":{"rendered":"<p>Sim e n\u00e3o. O registro da marca no INPI \u00e9 essencial para todos os com\u00e9rcios, produtos ou servi\u00e7os que quiserem crescer e multiplicar, porque ele impede o uso indiscriminado do seu nome e do seu logotipo por neg\u00f3cios da mesma natureza que o seu. Imagine voc\u00ea fazer o investimento na cria\u00e7\u00e3o do seu nome e [&hellip;]<\/p>\n","protected":false},"author":1,"featured_media":801,"comment_status":"open","ping_status":"open","sticky":false,"template":"","format":"image","meta":{"footnotes":""},"categories":[21,37,36],"tags":[],"class_list":["post-800","post","type-post","status-publish","format-image","has-post-thumbnail","hentry","category-branding","category-marca","category-naming","post_format-post-format-image"],"yoast_head":"<!-- This site is optimized with the Yoast SEO plugin v25.3.1 - https:\/\/yoast.com\/wordpress\/plugins\/seo\/ -->\n<title>Devemos registrar a marca? &#187; Turbiani<\/title>\n<meta name=\"robots\" content=\"index, follow, max-snippet:-1, max-image-preview:large, max-video-preview:-1\" \/>\n<link rel=\"canonical\" href=\"https:\/\/turbiani.com\/wpturbiani\/registro-de-marca\/\" \/>\n<meta property=\"og:locale\" content=\"pt_BR\" \/>\n<meta property=\"og:type\" content=\"article\" \/>\n<meta property=\"og:title\" content=\"Devemos registrar a marca? &#187; Turbiani\" \/>\n<meta property=\"og:description\" content=\"Sim e n\u00e3o. O registro da marca no INPI \u00e9 essencial para todos os com\u00e9rcios, produtos ou servi\u00e7os que quiserem crescer e multiplicar, porque ele impede o uso indiscriminado do seu nome e do seu logotipo por neg\u00f3cios da mesma natureza que o seu. Imagine voc\u00ea fazer o investimento na cria\u00e7\u00e3o do seu nome e [&hellip;]\" \/>\n<meta property=\"og:url\" content=\"https:\/\/turbiani.com\/wpturbiani\/registro-de-marca\/\" \/>\n<meta property=\"og:site_name\" content=\"Turbiani\" \/>\n<meta property=\"article:publisher\" content=\"https:\/\/www.facebook.com\/TurbianieCo\/\" \/>\n<meta property=\"article:published_time\" content=\"2016-06-29T11:20:42+00:00\" \/>\n<meta property=\"article:modified_time\" content=\"2017-01-25T17:41:13+00:00\" \/>\n<meta property=\"og:image\" content=\"https:\/\/turbiani.com\/wpturbiani\/wp-content\/uploads\/2016\/06\/1.Pulse-LinkedIn_registro.gif\" \/>\n\t<meta property=\"og:image:width\" content=\"700\" \/>\n\t<meta property=\"og:image:height\" content=\"400\" \/>\n\t<meta property=\"og:image:type\" content=\"image\/gif\" \/>\n<meta name=\"author\" content=\"Gabriella Turbiani\" \/>\n<meta name=\"twitter:card\" content=\"summary_large_image\" \/>\n<meta name=\"twitter:label1\" content=\"Escrito por\" \/>\n\t<meta name=\"twitter:data1\" content=\"Gabriella Turbiani\" \/>\n\t<meta name=\"twitter:label2\" content=\"Est. tempo de leitura\" \/>\n\t<meta name=\"twitter:data2\" content=\"3 minutos\" \/>\n<script type=\"application\/ld+json\" class=\"yoast-schema-graph\">{\"@context\":\"https:\/\/schema.org\",\"@graph\":[{\"@type\":\"Article\",\"@id\":\"https:\/\/turbiani.com\/wpturbiani\/registro-de-marca\/#article\",\"isPartOf\":{\"@id\":\"https:\/\/turbiani.com\/wpturbiani\/registro-de-marca\/\"},\"author\":{\"name\":\"Gabriella Turbiani\",\"@id\":\"https:\/\/turbiani.com\/wpturbiani\/#\/schema\/person\/bd45377bf862b1e094ec5a4451d18347\"},\"headline\":\"Devemos registrar a marca?\",\"datePublished\":\"2016-06-29T11:20:42+00:00\",\"dateModified\":\"2017-01-25T17:41:13+00:00\",\"mainEntityOfPage\":{\"@id\":\"https:\/\/turbiani.com\/wpturbiani\/registro-de-marca\/\"},\"wordCount\":633,\"commentCount\":0,\"publisher\":{\"@id\":\"https:\/\/turbiani.com\/wpturbiani\/#organization\"},\"image\":{\"@id\":\"https:\/\/turbiani.com\/wpturbiani\/registro-de-marca\/#primaryimage\"},\"thumbnailUrl\":\"https:\/\/turbiani.com\/wpturbiani\/wp-content\/uploads\/2016\/06\/1.Pulse-LinkedIn_registro.gif\",\"articleSection\":[\"Branding\",\"Marca\",\"Naming\"],\"inLanguage\":\"pt-BR\",\"potentialAction\":[{\"@type\":\"CommentAction\",\"name\":\"Comment\",\"target\":[\"https:\/\/turbiani.com\/wpturbiani\/registro-de-marca\/#respond\"]}]},{\"@type\":\"WebPage\",\"@id\":\"https:\/\/turbiani.com\/wpturbiani\/registro-de-marca\/\",\"url\":\"https:\/\/turbiani.com\/wpturbiani\/registro-de-marca\/\",\"name\":\"Devemos registrar a marca? &#187; Turbiani\",\"isPartOf\":{\"@id\":\"https:\/\/turbiani.com\/wpturbiani\/#website\"},\"primaryImageOfPage\":{\"@id\":\"https:\/\/turbiani.com\/wpturbiani\/registro-de-marca\/#primaryimage\"},\"image\":{\"@id\":\"https:\/\/turbiani.com\/wpturbiani\/registro-de-marca\/#primaryimage\"},\"thumbnailUrl\":\"https:\/\/turbiani.com\/wpturbiani\/wp-content\/uploads\/2016\/06\/1.Pulse-LinkedIn_registro.gif\",\"datePublished\":\"2016-06-29T11:20:42+00:00\",\"dateModified\":\"2017-01-25T17:41:13+00:00\",\"breadcrumb\":{\"@id\":\"https:\/\/turbiani.com\/wpturbiani\/registro-de-marca\/#breadcrumb\"},\"inLanguage\":\"pt-BR\",\"potentialAction\":[{\"@type\":\"ReadAction\",\"target\":[\"https:\/\/turbiani.com\/wpturbiani\/registro-de-marca\/\"]}]},{\"@type\":\"ImageObject\",\"inLanguage\":\"pt-BR\",\"@id\":\"https:\/\/turbiani.com\/wpturbiani\/registro-de-marca\/#primaryimage\",\"url\":\"https:\/\/turbiani.com\/wpturbiani\/wp-content\/uploads\/2016\/06\/1.Pulse-LinkedIn_registro.gif\",\"contentUrl\":\"https:\/\/turbiani.com\/wpturbiani\/wp-content\/uploads\/2016\/06\/1.Pulse-LinkedIn_registro.gif\",\"width\":700,\"height\":400},{\"@type\":\"BreadcrumbList\",\"@id\":\"https:\/\/turbiani.com\/wpturbiani\/registro-de-marca\/#breadcrumb\",\"itemListElement\":[{\"@type\":\"ListItem\",\"position\":1,\"name\":\"In\u00edcio\",\"item\":\"https:\/\/turbiani.com\/wpturbiani\/\"},{\"@type\":\"ListItem\",\"position\":2,\"name\":\"Devemos registrar a marca?\"}]},{\"@type\":\"WebSite\",\"@id\":\"https:\/\/turbiani.com\/wpturbiani\/#website\",\"url\":\"https:\/\/turbiani.com\/wpturbiani\/\",\"name\":\"Turbiani\",\"description\":\"Branding &amp; Design\",\"publisher\":{\"@id\":\"https:\/\/turbiani.com\/wpturbiani\/#organization\"},\"potentialAction\":[{\"@type\":\"SearchAction\",\"target\":{\"@type\":\"EntryPoint\",\"urlTemplate\":\"https:\/\/turbiani.com\/wpturbiani\/?s={search_term_string}\"},\"query-input\":{\"@type\":\"PropertyValueSpecification\",\"valueRequired\":true,\"valueName\":\"search_term_string\"}}],\"inLanguage\":\"pt-BR\"},{\"@type\":\"Organization\",\"@id\":\"https:\/\/turbiani.com\/wpturbiani\/#organization\",\"name\":\"Turbiani & Co :: Branding & Design\",\"url\":\"https:\/\/turbiani.com\/wpturbiani\/\",\"logo\":{\"@type\":\"ImageObject\",\"inLanguage\":\"pt-BR\",\"@id\":\"https:\/\/turbiani.com\/wpturbiani\/#\/schema\/logo\/image\/\",\"url\":\"https:\/\/turbiani.com\/wpturbiani\/wp-content\/uploads\/2025\/01\/Logo_Turbiani.png\",\"contentUrl\":\"https:\/\/turbiani.com\/wpturbiani\/wp-content\/uploads\/2025\/01\/Logo_Turbiani.png\",\"width\":276,\"height\":49,\"caption\":\"Turbiani & Co :: Branding & Design\"},\"image\":{\"@id\":\"https:\/\/turbiani.com\/wpturbiani\/#\/schema\/logo\/image\/\"},\"sameAs\":[\"https:\/\/www.facebook.com\/TurbianieCo\/\",\"https:\/\/www.instagram.com\/turbianieco\/\",\"https:\/\/www.youtube.com\/channel\/UC6pDEieGf83BbREKDBquCRQ\"]},{\"@type\":\"Person\",\"@id\":\"https:\/\/turbiani.com\/wpturbiani\/#\/schema\/person\/bd45377bf862b1e094ec5a4451d18347\",\"name\":\"Gabriella Turbiani\",\"image\":{\"@type\":\"ImageObject\",\"inLanguage\":\"pt-BR\",\"@id\":\"https:\/\/turbiani.com\/wpturbiani\/#\/schema\/person\/image\/\",\"url\":\"https:\/\/secure.gravatar.com\/avatar\/47104684a66566ff5fadf6a333ebeb01ed9fb4b81b2ba9e3fe0adae50453362f?s=96&d=retro&r=g\",\"contentUrl\":\"https:\/\/secure.gravatar.com\/avatar\/47104684a66566ff5fadf6a333ebeb01ed9fb4b81b2ba9e3fe0adae50453362f?s=96&d=retro&r=g\",\"caption\":\"Gabriella Turbiani\"},\"description\":\"Gabriella Turbiani \u00e9 designer h\u00e1 24 anos, com uma forma\u00e7\u00e3o em Design Gr\u00e1fico na ESAG\/Met de Penninghen, em Paris, onde viveu durante 10 anos. Iniciou sua carreira em Nova York, onde, durante 3 anos, trabalhou com webdesign e identidades visuais no Studio Mobile. No seu retorno ao Brasil, trabalhou em ag\u00eancias, com projetos variados de design e marketing para uma extensiva lista de clientes renomados, como Souza Cruz, Volkswagen, Gillette, Editora Edipresse, Oi, entre outras. Em parceria com a ag\u00eancia Bold\u00ba, do Rio de Janeiro, ganhou a medalha de ouro do Pr\u00eamio Colunistas Design_Brasil, pelo trabalho feito para a Orquestra Sinf\u00f4nica Brasileira, a OSB. Foi tamb\u00e9m jurada da categoria Cartazes da X\u00aa Bienal da ADG. Desde 2014, depois de um MBA em Branding na Rio Branco, Gabriella vem unindo seu conhecimento do design com ferramentas do Branding para criar e inserir novas marcas originais no mercado, sendo respons\u00e1vel pela estrat\u00e9gia, design e gest\u00e3o da comunica\u00e7\u00e3o visual completa. Em 2020 iniciou no universo da tecnologia e startups e em 2022 foi a UX respons\u00e1vel por 2 projetos na Rede d'Or. Hoje possui dois GPTs treinados para criar nome e marca de empresa e deu o pontap\u00e9 inicial na sua startup.\"}]}<\/script>\n<!-- \/ Yoast SEO plugin. -->","yoast_head_json":{"title":"Devemos registrar a marca? &#187; Turbiani","robots":{"index":"index","follow":"follow","max-snippet":"max-snippet:-1","max-image-preview":"max-image-preview:large","max-video-preview":"max-video-preview:-1"},"canonical":"https:\/\/turbiani.com\/wpturbiani\/registro-de-marca\/","og_locale":"pt_BR","og_type":"article","og_title":"Devemos registrar a marca? &#187; Turbiani","og_description":"Sim e n\u00e3o. O registro da marca no INPI \u00e9 essencial para todos os com\u00e9rcios, produtos ou servi\u00e7os que quiserem crescer e multiplicar, porque ele impede o uso indiscriminado do seu nome e do seu logotipo por neg\u00f3cios da mesma natureza que o seu. Imagine voc\u00ea fazer o investimento na cria\u00e7\u00e3o do seu nome e [&hellip;]","og_url":"https:\/\/turbiani.com\/wpturbiani\/registro-de-marca\/","og_site_name":"Turbiani","article_publisher":"https:\/\/www.facebook.com\/TurbianieCo\/","article_published_time":"2016-06-29T11:20:42+00:00","article_modified_time":"2017-01-25T17:41:13+00:00","og_image":[{"width":700,"height":400,"url":"https:\/\/turbiani.com\/wpturbiani\/wp-content\/uploads\/2016\/06\/1.Pulse-LinkedIn_registro.gif","type":"image\/gif"}],"author":"Gabriella Turbiani","twitter_card":"summary_large_image","twitter_misc":{"Escrito por":"Gabriella Turbiani","Est. tempo de leitura":"3 minutos"},"schema":{"@context":"https:\/\/schema.org","@graph":[{"@type":"Article","@id":"https:\/\/turbiani.com\/wpturbiani\/registro-de-marca\/#article","isPartOf":{"@id":"https:\/\/turbiani.com\/wpturbiani\/registro-de-marca\/"},"author":{"name":"Gabriella Turbiani","@id":"https:\/\/turbiani.com\/wpturbiani\/#\/schema\/person\/bd45377bf862b1e094ec5a4451d18347"},"headline":"Devemos registrar a marca?","datePublished":"2016-06-29T11:20:42+00:00","dateModified":"2017-01-25T17:41:13+00:00","mainEntityOfPage":{"@id":"https:\/\/turbiani.com\/wpturbiani\/registro-de-marca\/"},"wordCount":633,"commentCount":0,"publisher":{"@id":"https:\/\/turbiani.com\/wpturbiani\/#organization"},"image":{"@id":"https:\/\/turbiani.com\/wpturbiani\/registro-de-marca\/#primaryimage"},"thumbnailUrl":"https:\/\/turbiani.com\/wpturbiani\/wp-content\/uploads\/2016\/06\/1.Pulse-LinkedIn_registro.gif","articleSection":["Branding","Marca","Naming"],"inLanguage":"pt-BR","potentialAction":[{"@type":"CommentAction","name":"Comment","target":["https:\/\/turbiani.com\/wpturbiani\/registro-de-marca\/#respond"]}]},{"@type":"WebPage","@id":"https:\/\/turbiani.com\/wpturbiani\/registro-de-marca\/","url":"https:\/\/turbiani.com\/wpturbiani\/registro-de-marca\/","name":"Devemos registrar a marca? &#187; Turbiani","isPartOf":{"@id":"https:\/\/turbiani.com\/wpturbiani\/#website"},"primaryImageOfPage":{"@id":"https:\/\/turbiani.com\/wpturbiani\/registro-de-marca\/#primaryimage"},"image":{"@id":"https:\/\/turbiani.com\/wpturbiani\/registro-de-marca\/#primaryimage"},"thumbnailUrl":"https:\/\/turbiani.com\/wpturbiani\/wp-content\/uploads\/2016\/06\/1.Pulse-LinkedIn_registro.gif","datePublished":"2016-06-29T11:20:42+00:00","dateModified":"2017-01-25T17:41:13+00:00","breadcrumb":{"@id":"https:\/\/turbiani.com\/wpturbiani\/registro-de-marca\/#breadcrumb"},"inLanguage":"pt-BR","potentialAction":[{"@type":"ReadAction","target":["https:\/\/turbiani.com\/wpturbiani\/registro-de-marca\/"]}]},{"@type":"ImageObject","inLanguage":"pt-BR","@id":"https:\/\/turbiani.com\/wpturbiani\/registro-de-marca\/#primaryimage","url":"https:\/\/turbiani.com\/wpturbiani\/wp-content\/uploads\/2016\/06\/1.Pulse-LinkedIn_registro.gif","contentUrl":"https:\/\/turbiani.com\/wpturbiani\/wp-content\/uploads\/2016\/06\/1.Pulse-LinkedIn_registro.gif","width":700,"height":400},{"@type":"BreadcrumbList","@id":"https:\/\/turbiani.com\/wpturbiani\/registro-de-marca\/#breadcrumb","itemListElement":[{"@type":"ListItem","position":1,"name":"In\u00edcio","item":"https:\/\/turbiani.com\/wpturbiani\/"},{"@type":"ListItem","position":2,"name":"Devemos registrar a marca?"}]},{"@type":"WebSite","@id":"https:\/\/turbiani.com\/wpturbiani\/#website","url":"https:\/\/turbiani.com\/wpturbiani\/","name":"Turbiani","description":"Branding &amp; Design","publisher":{"@id":"https:\/\/turbiani.com\/wpturbiani\/#organization"},"potentialAction":[{"@type":"SearchAction","target":{"@type":"EntryPoint","urlTemplate":"https:\/\/turbiani.com\/wpturbiani\/?s={search_term_string}"},"query-input":{"@type":"PropertyValueSpecification","valueRequired":true,"valueName":"search_term_string"}}],"inLanguage":"pt-BR"},{"@type":"Organization","@id":"https:\/\/turbiani.com\/wpturbiani\/#organization","name":"Turbiani & Co :: Branding & Design","url":"https:\/\/turbiani.com\/wpturbiani\/","logo":{"@type":"ImageObject","inLanguage":"pt-BR","@id":"https:\/\/turbiani.com\/wpturbiani\/#\/schema\/logo\/image\/","url":"https:\/\/turbiani.com\/wpturbiani\/wp-content\/uploads\/2025\/01\/Logo_Turbiani.png","contentUrl":"https:\/\/turbiani.com\/wpturbiani\/wp-content\/uploads\/2025\/01\/Logo_Turbiani.png","width":276,"height":49,"caption":"Turbiani & Co :: Branding & Design"},"image":{"@id":"https:\/\/turbiani.com\/wpturbiani\/#\/schema\/logo\/image\/"},"sameAs":["https:\/\/www.facebook.com\/TurbianieCo\/","https:\/\/www.instagram.com\/turbianieco\/","https:\/\/www.youtube.com\/channel\/UC6pDEieGf83BbREKDBquCRQ"]},{"@type":"Person","@id":"https:\/\/turbiani.com\/wpturbiani\/#\/schema\/person\/bd45377bf862b1e094ec5a4451d18347","name":"Gabriella Turbiani","image":{"@type":"ImageObject","inLanguage":"pt-BR","@id":"https:\/\/turbiani.com\/wpturbiani\/#\/schema\/person\/image\/","url":"https:\/\/secure.gravatar.com\/avatar\/47104684a66566ff5fadf6a333ebeb01ed9fb4b81b2ba9e3fe0adae50453362f?s=96&d=retro&r=g","contentUrl":"https:\/\/secure.gravatar.com\/avatar\/47104684a66566ff5fadf6a333ebeb01ed9fb4b81b2ba9e3fe0adae50453362f?s=96&d=retro&r=g","caption":"Gabriella Turbiani"},"description":"Gabriella Turbiani \u00e9 designer h\u00e1 24 anos, com uma forma\u00e7\u00e3o em Design Gr\u00e1fico na ESAG\/Met de Penninghen, em Paris, onde viveu durante 10 anos. Iniciou sua carreira em Nova York, onde, durante 3 anos, trabalhou com webdesign e identidades visuais no Studio Mobile. No seu retorno ao Brasil, trabalhou em ag\u00eancias, com projetos variados de design e marketing para uma extensiva lista de clientes renomados, como Souza Cruz, Volkswagen, Gillette, Editora Edipresse, Oi, entre outras. Em parceria com a ag\u00eancia Bold\u00ba, do Rio de Janeiro, ganhou a medalha de ouro do Pr\u00eamio Colunistas Design_Brasil, pelo trabalho feito para a Orquestra Sinf\u00f4nica Brasileira, a OSB. Foi tamb\u00e9m jurada da categoria Cartazes da X\u00aa Bienal da ADG. Desde 2014, depois de um MBA em Branding na Rio Branco, Gabriella vem unindo seu conhecimento do design com ferramentas do Branding para criar e inserir novas marcas originais no mercado, sendo respons\u00e1vel pela estrat\u00e9gia, design e gest\u00e3o da comunica\u00e7\u00e3o visual completa. Em 2020 iniciou no universo da tecnologia e startups e em 2022 foi a UX respons\u00e1vel por 2 projetos na Rede d'Or. Hoje possui dois GPTs treinados para criar nome e marca de empresa e deu o pontap\u00e9 inicial na sua startup."}]}},"_links":{"self":[{"href":"https:\/\/turbiani.com\/wpturbiani\/wp-json\/wp\/v2\/posts\/800","targetHints":{"allow":["GET"]}}],"collection":[{"href":"https:\/\/turbiani.com\/wpturbiani\/wp-json\/wp\/v2\/posts"}],"about":[{"href":"https:\/\/turbiani.com\/wpturbiani\/wp-json\/wp\/v2\/types\/post"}],"author":[{"embeddable":true,"href":"https:\/\/turbiani.com\/wpturbiani\/wp-json\/wp\/v2\/users\/1"}],"replies":[{"embeddable":true,"href":"https:\/\/turbiani.com\/wpturbiani\/wp-json\/wp\/v2\/comments?post=800"}],"version-history":[{"count":10,"href":"https:\/\/turbiani.com\/wpturbiani\/wp-json\/wp\/v2\/posts\/800\/revisions"}],"predecessor-version":[{"id":1265,"href":"https:\/\/turbiani.com\/wpturbiani\/wp-json\/wp\/v2\/posts\/800\/revisions\/1265"}],"wp:featuredmedia":[{"embeddable":true,"href":"https:\/\/turbiani.com\/wpturbiani\/wp-json\/wp\/v2\/media\/801"}],"wp:attachment":[{"href":"https:\/\/turbiani.com\/wpturbiani\/wp-json\/wp\/v2\/media?parent=800"}],"wp:term":[{"taxonomy":"category","embeddable":true,"href":"https:\/\/turbiani.com\/wpturbiani\/wp-json\/wp\/v2\/categories?post=800"},{"taxonomy":"post_tag","embeddable":true,"href":"https:\/\/turbiani.com\/wpturbiani\/wp-json\/wp\/v2\/tags?post=800"}],"curies":[{"name":"wp","href":"https:\/\/api.w.org\/{rel}","templated":true}]}}