{"id":733,"date":"2016-05-11T14:16:50","date_gmt":"2016-05-11T17:16:50","guid":{"rendered":"http:\/\/turbiani.com\/?p=733"},"modified":"2017-01-25T14:42:00","modified_gmt":"2017-01-25T17:42:00","slug":"quem-pode-fazer-a-sua-marca","status":"publish","type":"post","link":"https:\/\/turbiani.com\/wpturbiani\/quem-pode-fazer-a-sua-marca\/","title":{"rendered":"Quem pode fazer a sua marca"},"content":{"rendered":"<p>Dentro da economia criativa existem v\u00e1rios profissionais competentes em suas \u00e1reas: o publicit\u00e1rio, o designer, o profissional de branding, o arquiteto, o artista visual e outros.<\/p>\n<p>Venho aqui matar suas d\u00favidas e esclarecer qual profissional deve ser contratado para cria\u00e7\u00e3o da sua marca, da marca que vai representar a sua empresa, que vai falar por voc\u00ea, antes mesmo que te conhe\u00e7am ou que conhe\u00e7am o seu produto ou servi\u00e7o. Daquela que protagoniza a sua chegada, seja no seu website, na sua papelaria, no facebook da empresa e at\u00e9 num simples email marketing.<\/p>\n<blockquote>\n<h3><span style=\"color: #00ccff;\"><strong>Sua marca chega antes de tudo<br \/>\n(menos da sua reputa\u00e7\u00e3o, cuidado com ela!).<\/strong><\/span><\/h3>\n<\/blockquote>\n<h3><\/h3>\n<p>Com 17 anos de profiss\u00e3o, j\u00e1 me deparei com v\u00e1rias marcas criadas por outros profissionais e algumas escolhas foram bem preocupantes.<\/p>\n<p><strong>Algumas dicas para os iniciantes:<\/strong><\/p>\n<ol>\n<li>A dica mais importante: uma marca tem que ser ORIGINAL, \u00e9 um dos itens que definem a marca. De acordo com a American Marketing Association, <span class=\"s1\"><b>a palavra marca\u00a0<\/b><\/span><span class=\"s1\"><b>\u00e9 definida como um nome<\/b><\/span><strong>, sinal, s\u00edmbolo, design<\/strong><span class=\"s1\"><b> ou um termo<\/b><\/span>,\u00a0ou um conjunto de todas essas palavras, <span class=\"s1\"><b>com o intuito de diferenciar um produto ou servi\u00e7o<\/b><\/span> de um grupo de fornecedores. Se n\u00e3o for original, n\u00e3o \u00e9 registr\u00e1vel;<\/li>\n<li>Uma marca tem que ser facilmente lida, pode ser subjetiva, desde que conte uma hist\u00f3ria e que seja memor\u00e1vel;<\/li>\n<li><img fetchpriority=\"high\" decoding=\"async\" class=\"wp-image-739 alignleft\" src=\"https:\/\/turbiani.com\/wpturbiani\/wp-content\/uploads\/2016\/05\/piores-logos.gif\" alt=\"piores-logos\" width=\"244\" height=\"226\" \/><strong>Cuidado com as formas impr\u00f3prias<\/strong>, a percep\u00e7\u00e3o muda de cultura para cultura e algumas s\u00e3o obviamente ofensivas. Uma marca considerada impr\u00f3pria n\u00e3o \u00e9 registr\u00e1vel;<\/li>\n<li>Tem que corresponder \u00e0 \u00e1rea de atua\u00e7\u00e3o sendo compat\u00edvel com\u00a0o conceito;<\/li>\n<li>\u00c9 essencial que seja aplic\u00e1vel, que os processos e custos sejam considerados na cria\u00e7\u00e3o. Por exemplo uma marca que s\u00f3 pode ser usada a 4 cores, ou que possui uma colora\u00e7\u00e3o em Pantone, tem um custo maior de produ\u00e7\u00e3o gr\u00e1fica;<\/li>\n<li>Tem que poder reduzir o tamanho sem perder leitura ou qualidade. Imagine o tamanho m\u00ednimo vi\u00e1vel antes de aprovar.;<\/li>\n<li>Deve ter mensagens que surgem com a observa\u00e7\u00e3o, deve induzir \u00e0 curiosidade. Nunca ser \u00f3bvia, pois algu\u00e9m j\u00e1 pensou no \u00f3bvio e n\u00e3o ser\u00e1 original;<\/li>\n<li>Nunca pegar uma imagem da internet, ela tem dono e ele vai vir atr\u00e1s de voc\u00ea;<\/li>\n<li>Tem que poder ser utilizada em 1 cor (em geral s\u00f3 preta ou s\u00f3 branca), al\u00e9m do preto e branco, para que n\u00e3o se torne invi\u00e1vel em algum momento;<\/li>\n<li>Obrigat\u00f3rio receber uma vers\u00e3o digital e em vetor (para impress\u00e3o), vers\u00e3o positivo e negativo (sobre fundos escuros), de cada modelo &#8211; 4 cores, 2 cores e 1 cor. NUNCA\u00a0ter um logo s\u00f3 em jpg;<\/li>\n<li>Deve-se prever uma vers\u00e3o vertical e uma vers\u00e3o horizontal para que a marca possa ser adapt\u00e1vel;<img decoding=\"async\" class=\"size-medium wp-image-740 alignright\" src=\"https:\/\/turbiani.com\/wpturbiani\/wp-content\/uploads\/2016\/05\/LogosMearim_RGB-231x300.jpg\" alt=\"LogosMearim_RGB\" width=\"231\" height=\"300\" srcset=\"https:\/\/turbiani.com\/wpturbiani\/wp-content\/uploads\/2016\/05\/LogosMearim_RGB-231x300.jpg 231w, https:\/\/turbiani.com\/wpturbiani\/wp-content\/uploads\/2016\/05\/LogosMearim_RGB.jpg 300w\" sizes=\"(max-width: 231px) 100vw, 231px\" \/><\/li>\n<li>Uma marca tem que ser dur\u00e1vel, portanto \u00e9 muito importante entender aonde esta empresa quer chegar em pelo menos 5 anos e qual o prop\u00f3sito da sua exist\u00eancia.<\/li>\n<li>Uma boa marca \u00e9 compacta, mesmo que o s\u00edmbolo possa ser usado separado do nome.<\/li>\n<\/ol>\n<p>&nbsp;<\/p>\n<p><strong>O PROFISSIONAL<br \/>\nAfinal, qual profissional contratar ou n\u00e3o para a cria\u00e7\u00e3o de marca?<br \/>\n<\/strong>Claro que em todas as profiss\u00f5es existem as exce\u00e7\u00f5es, mas fazer uma marca pede experi\u00eancia, muitas refer\u00eancias, conhecimento em tipografia e pensamento compacto.\u00a0<strong><br \/>\n<\/strong><\/p>\n<p>&nbsp;<\/p>\n<p>PROFISSIONAL DE BRANDING &#8211; Este \u00e9 o profissional ideal para voc\u00ea contratar para fazer mais do que um logotipo, ele vai fazer a sua marca completa. \u00c9 um profissional que tem capacidade de te aconselhar sobre o nome de empresa, sobre o seu prop\u00f3sito, seu diferencial competitivo. Que te ajuda com ferramentas que v\u00e3o te fazer repensar o seu modelo ou sua gest\u00e3o de neg\u00f3cios. Ele pensar\u00e1 na sua marca com 360\u00ba de estrat\u00e9gia. Se ele tiver um background em design, como eu, ou em arquitetura, ele mesmo ser\u00e1 capaz de desenvolver a sua marca. Caso contr\u00e1rio, ele saber\u00e1 quem contratar.<\/p>\n<p>&nbsp;<\/p>\n<p>DESIGNER JUNIOR &#8211; S\u00f3 contrate designers experientes para fazer marcas. Designers rec\u00e9m\u00a0formados ou com pouca experi\u00eancia t\u00eam muitas outras \u00e1reas do design para criarem experi\u00eancia: folders, cat\u00e1logos, flyers, folhetos, email mkt etc. Mas cria\u00e7\u00e3o de marca pede estrat\u00e9gia e muitas refer\u00eancias visuais. Imagine fazer a marca de uma futura franquia com algu\u00e9m que nunca saiu da sua cidade, ou de uma empresa que pretende expandir para a Europa, quando este designer j\u00fanior mal saiu da casa dos pais. Eles podem fazer uma marca bonita, mas sem futuro, fora exce\u00e7\u00f5es. Voc\u00ea pode dar sorte, mas \u00e9 preciso refer\u00eancias amplas para fazer uma marca dur\u00e1vel e n\u00e3o \u00f3bvia.<\/p>\n<p>&nbsp;<\/p>\n<p>DESIGNER EXPERIENTE &#8211; Um designer com mais de 4 ou 5 anos de profiss\u00e3o pode come\u00e7ar a fazer marcas, aconselho que estes comecem com marcas de eventos ou de programas empresariais internos, que s\u00e3o marcas tempor\u00e1rias. Quanto mais anos de profiss\u00e3o, mais experi\u00eancia adquirida, mais refer\u00eancias de vida. Poucos designers experientes gostam de fazer logotipos, pois \u00e9 um sofrimento transformar uma hist\u00f3ria num s\u00edmbolo compacto, e com os anos de profiss\u00e3o tem-se mais consci\u00eancia da import\u00e2ncia deste trabalho.<\/p>\n<p>&nbsp;<\/p>\n<p><img decoding=\"async\" class=\"alignleft size-medium wp-image-745\" src=\"https:\/\/turbiani.com\/wpturbiani\/wp-content\/uploads\/2016\/05\/Screenshot-2016-05-11-14.35.08-300x177.png\" alt=\"Screenshot 2016-05-11 14.35.08\" width=\"300\" height=\"177\" srcset=\"https:\/\/turbiani.com\/wpturbiani\/wp-content\/uploads\/2016\/05\/Screenshot-2016-05-11-14.35.08-300x177.png 300w, https:\/\/turbiani.com\/wpturbiani\/wp-content\/uploads\/2016\/05\/Screenshot-2016-05-11-14.35.08.png 499w\" sizes=\"(max-width: 300px) 100vw, 300px\" \/>PUBLICIT\u00c1RIO &#8211; O resultado visual da cria\u00e7\u00e3o do publicit\u00e1rio \u00e9 tempor\u00e1rio, mesmo que a ideia central permane\u00e7a\u00a0por muito\u00a0tempo (N\u00e3o \u00e9 l\u00e1 uma Brastemp). O publicit\u00e1rio \u00e9 um profissional especializado em causar grande impacto com as suas ideias, com pouco tempo de exposi\u00e7\u00e3o. O trabalho do publicit\u00e1rio n\u00e3o \u00e9 detalhista, \u00e9 de r\u00e1pida leitura. Como o objetivo da marca \u00e9 ser o mais duradouro poss\u00edvel, atravessando modismos e tend\u00eancias, fora um ou outro\u00a0profissional excepcional, aconselho esquecer\u00a0a contrata\u00e7\u00e3o de publicit\u00e1rios para marcas.Veja ao lado\u00a0a diferen\u00e7a visual da marca da Copa do Mundo, feita por publicit\u00e1rios e a das Olimp\u00edadas, feita pela T\u00e1til. As fontes de ambas s\u00e3o &#8220;feitas \u00e0 m\u00e3o&#8221;, ambas t\u00eam gradientes e as cores do Brasil, mas as formas da marca da Copa s\u00e3o grosseiras, as m\u00e3os parecem m\u00e3os de sapo e o 2014 foi encaixado \u00e0 for\u00e7a nesse emaranhado de m\u00e3os. A refer\u00eancia \u00e0 Tarsila do Amaral se perde de t\u00e3o mal feita. J\u00e1 a marca das olimp\u00edadas \u00e9 uma bela refer\u00eancia \u00e0 Matisse, com formas bem acabadas, com a possibilidade de ser usada em 3D, j\u00e1 que \u00e9 um evento presencial.<\/p>\n<p>&nbsp;<\/p>\n<p><img loading=\"lazy\" decoding=\"async\" class=\"alignleft size-full wp-image-743\" src=\"https:\/\/turbiani.com\/wpturbiani\/wp-content\/uploads\/2016\/05\/piores-logos2.gif\" alt=\"piores-logos2\" width=\"250\" height=\"160\" \/>ARTISTA VISUAL &#8211; O artista \u00e9 um criador com o objetivo de expressar ideias pr\u00f3prias e subjetivas. Poucos artistas criam para vender um objeto, um projeto, uma empresa. O artista cria cole\u00e7\u00f5es baseadas nas suas experi\u00eancias e vis\u00f5es da vida muito pr\u00f3prias. N\u00e3o se dirige o trabalho de um artista da mesma forma que se dirige um designer. O artista, salvo exce\u00e7\u00f5es, n\u00e3o pensa nas utiliza\u00e7\u00f5es e restri\u00e7\u00f5es do uso do logotipo. Vi um logo que precisava ser explicado cada vez, pois era um emaranhado de linhas sem sentido para todos os clientes dessa cl\u00ednica de reabilita\u00e7\u00e3o. N\u00e3o existia um trabalho de tipografia e o logo flutuava, pois n\u00e3o era compacto. Arte \u00e9 arte e design \u00e9 design.<\/p>\n<p>&nbsp;<\/p>\n<p>ARQUITETO &#8211; Adoro os logotipos de arquitetos. No design eles fazem um \u00f3timo trabalho com logos e editorial, provavelmente por causa da influ\u00eancia do modernismo. Assim como com os designers, aconselho anos de experi\u00eancia antes de fazerem uma marca, pois assim como \u00e9 feito com a arquitetura, \u00e9 preciso pensar na constru\u00e7\u00e3o deste projeto.<\/p>\n<p>&nbsp;<\/p>\n<p>SITES DE CONCORR\u00caNCIA &#8211; Estou falando aqui de sites como o WeDoLogos, onde algum cliente coloca um briefing online e 200 designers concorrem pelo job, que vai pagar R$ 500. Por este valor, o designer n\u00e3o \u00e9 experiente e n\u00e3o vai ter tempo de fazer uma pesquisa sobre o mercado. Al\u00e9m disso, ele vai utilizar bancos de imagens que possuem vetores que j\u00e1 s\u00e3o utilizados pelas ag\u00eancias ou logos que n\u00e3o foram aprovados por outros clientes, pois ganha-se por quantidade de trabalho, n\u00e3o pela qualidade. O logo pode funcionar para quem quer abrir um com\u00e9rcio de bairro, mas nunca para quem quer crescer e registrar sua marca no INPI, pois pode se deparar com algum processo por pl\u00e1gio ou pagar por ele sem conseguir registr\u00e1-lo. Fazer uma marca \u00e9 f\u00e1cil, fazer uma \u00f3tima marca original, nem tanto. Vejam abaixo.<\/p>\n<p><img loading=\"lazy\" decoding=\"async\" class=\"center\" src=\"https:\/\/media.licdn.com\/mpr\/mpr\/AAEAAQAAAAAAAAlHAAAAJDE2ZWJhYzQ5LTA3Y2UtNGMyOC1iODM2LTM2NzZkYjhiYzE3OA.jpg\" alt=\"\" width=\"640\" height=\"624\" \/><\/p>\n<p>Enfim, estamos falando de milhares de reais quando falamos da cria\u00e7\u00e3o de marca. Quanto maior for a empresa, maior a responsabilidade do designer, maior o valor a pagar. Fuja das centenas, a n\u00e3o ser que voc\u00ea pretenda ser o cabelereiro da esquina para sempre. <strong>Invista na sua marca como ela merece.<\/strong><\/p>\n<p>E para concluir, <strong>uma marca forte depende muito mais da sua gest\u00e3o<\/strong>, da sua efic\u00e1cia, da sua resposta \u00e0 crise, da raz\u00e3o da empresa existir, do que da sua identidade visual, mas \u00e9 ela que abre as portas no in\u00edcio. Poucos s\u00e3o t\u00e3o eficazes quanto o Google para poder pensar seriamente no seu logotipo s\u00f3 depois de dominarem o mundo!<\/p>\n<p>&nbsp;<\/p>\n<p>Obrigada pela leitura e voc\u00ea pode me achar <a href=\"https:\/\/br.linkedin.com\/in\/gturbiani\" target=\"_blank\">aqui<\/a> no LinkedIn, ou <a href=\"https:\/\/www.facebook.com\/gturbiani\" target=\"_blank\">aqui<\/a>\u00a0no Facebook. Estou preparando\u00a0aulas online de Naming, Prop\u00f3sito e Identidade Visual, quem se interessar pode me mandar um email para\u00a0gabriella<a target=\"_blank\">@turbiani.com<\/a>\u00a0para entrar na minha lista de futuros alunos, que entro em contato quando tudo estiver pronto.<\/p>\n<p><em>\u2013\u2013<\/em><\/p>\n<p><em>Gabriella Turbiani \u00e9 fundadora da <a href=\"https:\/\/www.facebook.com\/TurbianieCo\/\" target=\"_blank\">Turbiani&amp;Co<\/a>, escrit\u00f3rio de branding e design com foco em micro, pequenas e m\u00e9dias empresas. Foi formada em Design Gr\u00e1fico na ESAG\/Penninghen, em Paris, e em Branding, com um MBA da Rio Branco. Um tanto n\u00f4made, al\u00e9m de 10 anos em Paris, viveu tamb\u00e9m em Nova York e no Rio de Janeiro, mas hoje est\u00e1 instalada em S\u00e3o Paulo. Gosta muito mais do contato direto com o fundador da empresa do que com departamentos corporativos, pois a empresa \u00e9 o reflexo da alma do seu dono.<\/em><br \/>\n<!-- Hotjar Tracking Code for http:\/\/www.turbiani.com --><br \/>\n<script>\/\/ <![CDATA[ (function(h,o,t,j,a,r){ h.hj=h.hj||function(){(h.hj.q=h.hj.q||[]).push(arguments)}; h._hjSettings={hjid:276456,hjsv:5}; a=o.getElementsByTagName('head')[0]; r=o.createElement('script');r.async=1; r.src=t+h._hjSettings.hjid+j+h._hjSettings.hjsv; a.appendChild(r); })(window,document,'\/\/static.hotjar.com\/c\/hotjar-','.js?sv='); \/\/ ]]><\/script><\/p>\n","protected":false},"excerpt":{"rendered":"<p>Dentro da economia criativa existem v\u00e1rios profissionais competentes em suas \u00e1reas: o publicit\u00e1rio, o designer, o profissional de branding, o arquiteto, o artista visual e outros. Venho aqui matar suas d\u00favidas e esclarecer qual profissional deve ser contratado para cria\u00e7\u00e3o da sua marca, da marca que vai representar a sua empresa, que vai falar por [&hellip;]<\/p>\n","protected":false},"author":1,"featured_media":734,"comment_status":"open","ping_status":"open","sticky":false,"template":"","format":"image","meta":{"footnotes":""},"categories":[21,3,37],"tags":[],"class_list":["post-733","post","type-post","status-publish","format-image","has-post-thumbnail","hentry","category-branding","category-design","category-marca","post_format-post-format-image"],"yoast_head":"<!-- This site is optimized with the Yoast SEO plugin v25.3.1 - https:\/\/yoast.com\/wordpress\/plugins\/seo\/ -->\n<title>Quem pode fazer a sua marca &#187; Turbiani<\/title>\n<meta name=\"robots\" content=\"index, follow, max-snippet:-1, max-image-preview:large, max-video-preview:-1\" \/>\n<link rel=\"canonical\" href=\"https:\/\/turbiani.com\/wpturbiani\/quem-pode-fazer-a-sua-marca\/\" \/>\n<meta property=\"og:locale\" content=\"pt_BR\" \/>\n<meta property=\"og:type\" content=\"article\" \/>\n<meta property=\"og:title\" content=\"Quem pode fazer a sua marca &#187; Turbiani\" \/>\n<meta property=\"og:description\" content=\"Dentro da economia criativa existem v\u00e1rios profissionais competentes em suas \u00e1reas: o publicit\u00e1rio, o designer, o profissional de branding, o arquiteto, o artista visual e outros. Venho aqui matar suas d\u00favidas e esclarecer qual profissional deve ser contratado para cria\u00e7\u00e3o da sua marca, da marca que vai representar a sua empresa, que vai falar por [&hellip;]\" \/>\n<meta property=\"og:url\" content=\"https:\/\/turbiani.com\/wpturbiani\/quem-pode-fazer-a-sua-marca\/\" \/>\n<meta property=\"og:site_name\" content=\"Turbiani\" \/>\n<meta property=\"article:publisher\" content=\"https:\/\/www.facebook.com\/TurbianieCo\/\" \/>\n<meta property=\"article:published_time\" content=\"2016-05-11T17:16:50+00:00\" \/>\n<meta property=\"article:modified_time\" content=\"2017-01-25T17:42:00+00:00\" \/>\n<meta property=\"og:image\" content=\"https:\/\/turbiani.com\/wpturbiani\/wp-content\/uploads\/2016\/05\/marcas_valiosas.jpg\" \/>\n\t<meta property=\"og:image:width\" content=\"660\" \/>\n\t<meta property=\"og:image:height\" content=\"440\" \/>\n\t<meta property=\"og:image:type\" content=\"image\/jpeg\" \/>\n<meta name=\"author\" content=\"Gabriella Turbiani\" \/>\n<meta name=\"twitter:card\" content=\"summary_large_image\" \/>\n<meta name=\"twitter:label1\" content=\"Escrito por\" \/>\n\t<meta name=\"twitter:data1\" content=\"Gabriella Turbiani\" \/>\n\t<meta name=\"twitter:label2\" content=\"Est. tempo de leitura\" \/>\n\t<meta name=\"twitter:data2\" content=\"8 minutos\" \/>\n<script type=\"application\/ld+json\" class=\"yoast-schema-graph\">{\"@context\":\"https:\/\/schema.org\",\"@graph\":[{\"@type\":\"Article\",\"@id\":\"https:\/\/turbiani.com\/wpturbiani\/quem-pode-fazer-a-sua-marca\/#article\",\"isPartOf\":{\"@id\":\"https:\/\/turbiani.com\/wpturbiani\/quem-pode-fazer-a-sua-marca\/\"},\"author\":{\"name\":\"Gabriella Turbiani\",\"@id\":\"https:\/\/turbiani.com\/wpturbiani\/#\/schema\/person\/bd45377bf862b1e094ec5a4451d18347\"},\"headline\":\"Quem pode fazer a sua marca\",\"datePublished\":\"2016-05-11T17:16:50+00:00\",\"dateModified\":\"2017-01-25T17:42:00+00:00\",\"mainEntityOfPage\":{\"@id\":\"https:\/\/turbiani.com\/wpturbiani\/quem-pode-fazer-a-sua-marca\/\"},\"wordCount\":1684,\"commentCount\":1,\"publisher\":{\"@id\":\"https:\/\/turbiani.com\/wpturbiani\/#organization\"},\"image\":{\"@id\":\"https:\/\/turbiani.com\/wpturbiani\/quem-pode-fazer-a-sua-marca\/#primaryimage\"},\"thumbnailUrl\":\"https:\/\/turbiani.com\/wpturbiani\/wp-content\/uploads\/2016\/05\/marcas_valiosas.jpg\",\"articleSection\":[\"Branding\",\"Design\",\"Marca\"],\"inLanguage\":\"pt-BR\",\"potentialAction\":[{\"@type\":\"CommentAction\",\"name\":\"Comment\",\"target\":[\"https:\/\/turbiani.com\/wpturbiani\/quem-pode-fazer-a-sua-marca\/#respond\"]}]},{\"@type\":\"WebPage\",\"@id\":\"https:\/\/turbiani.com\/wpturbiani\/quem-pode-fazer-a-sua-marca\/\",\"url\":\"https:\/\/turbiani.com\/wpturbiani\/quem-pode-fazer-a-sua-marca\/\",\"name\":\"Quem pode fazer a sua marca &#187; Turbiani\",\"isPartOf\":{\"@id\":\"https:\/\/turbiani.com\/wpturbiani\/#website\"},\"primaryImageOfPage\":{\"@id\":\"https:\/\/turbiani.com\/wpturbiani\/quem-pode-fazer-a-sua-marca\/#primaryimage\"},\"image\":{\"@id\":\"https:\/\/turbiani.com\/wpturbiani\/quem-pode-fazer-a-sua-marca\/#primaryimage\"},\"thumbnailUrl\":\"https:\/\/turbiani.com\/wpturbiani\/wp-content\/uploads\/2016\/05\/marcas_valiosas.jpg\",\"datePublished\":\"2016-05-11T17:16:50+00:00\",\"dateModified\":\"2017-01-25T17:42:00+00:00\",\"breadcrumb\":{\"@id\":\"https:\/\/turbiani.com\/wpturbiani\/quem-pode-fazer-a-sua-marca\/#breadcrumb\"},\"inLanguage\":\"pt-BR\",\"potentialAction\":[{\"@type\":\"ReadAction\",\"target\":[\"https:\/\/turbiani.com\/wpturbiani\/quem-pode-fazer-a-sua-marca\/\"]}]},{\"@type\":\"ImageObject\",\"inLanguage\":\"pt-BR\",\"@id\":\"https:\/\/turbiani.com\/wpturbiani\/quem-pode-fazer-a-sua-marca\/#primaryimage\",\"url\":\"https:\/\/turbiani.com\/wpturbiani\/wp-content\/uploads\/2016\/05\/marcas_valiosas.jpg\",\"contentUrl\":\"https:\/\/turbiani.com\/wpturbiani\/wp-content\/uploads\/2016\/05\/marcas_valiosas.jpg\",\"width\":660,\"height\":440},{\"@type\":\"BreadcrumbList\",\"@id\":\"https:\/\/turbiani.com\/wpturbiani\/quem-pode-fazer-a-sua-marca\/#breadcrumb\",\"itemListElement\":[{\"@type\":\"ListItem\",\"position\":1,\"name\":\"In\u00edcio\",\"item\":\"https:\/\/turbiani.com\/wpturbiani\/\"},{\"@type\":\"ListItem\",\"position\":2,\"name\":\"Quem pode fazer a sua marca\"}]},{\"@type\":\"WebSite\",\"@id\":\"https:\/\/turbiani.com\/wpturbiani\/#website\",\"url\":\"https:\/\/turbiani.com\/wpturbiani\/\",\"name\":\"Turbiani\",\"description\":\"Branding &amp; Design\",\"publisher\":{\"@id\":\"https:\/\/turbiani.com\/wpturbiani\/#organization\"},\"potentialAction\":[{\"@type\":\"SearchAction\",\"target\":{\"@type\":\"EntryPoint\",\"urlTemplate\":\"https:\/\/turbiani.com\/wpturbiani\/?s={search_term_string}\"},\"query-input\":{\"@type\":\"PropertyValueSpecification\",\"valueRequired\":true,\"valueName\":\"search_term_string\"}}],\"inLanguage\":\"pt-BR\"},{\"@type\":\"Organization\",\"@id\":\"https:\/\/turbiani.com\/wpturbiani\/#organization\",\"name\":\"Turbiani & Co :: Branding & Design\",\"url\":\"https:\/\/turbiani.com\/wpturbiani\/\",\"logo\":{\"@type\":\"ImageObject\",\"inLanguage\":\"pt-BR\",\"@id\":\"https:\/\/turbiani.com\/wpturbiani\/#\/schema\/logo\/image\/\",\"url\":\"https:\/\/turbiani.com\/wpturbiani\/wp-content\/uploads\/2025\/01\/Logo_Turbiani.png\",\"contentUrl\":\"https:\/\/turbiani.com\/wpturbiani\/wp-content\/uploads\/2025\/01\/Logo_Turbiani.png\",\"width\":276,\"height\":49,\"caption\":\"Turbiani & Co :: Branding & Design\"},\"image\":{\"@id\":\"https:\/\/turbiani.com\/wpturbiani\/#\/schema\/logo\/image\/\"},\"sameAs\":[\"https:\/\/www.facebook.com\/TurbianieCo\/\",\"https:\/\/www.instagram.com\/turbianieco\/\",\"https:\/\/www.youtube.com\/channel\/UC6pDEieGf83BbREKDBquCRQ\"]},{\"@type\":\"Person\",\"@id\":\"https:\/\/turbiani.com\/wpturbiani\/#\/schema\/person\/bd45377bf862b1e094ec5a4451d18347\",\"name\":\"Gabriella Turbiani\",\"image\":{\"@type\":\"ImageObject\",\"inLanguage\":\"pt-BR\",\"@id\":\"https:\/\/turbiani.com\/wpturbiani\/#\/schema\/person\/image\/\",\"url\":\"https:\/\/secure.gravatar.com\/avatar\/47104684a66566ff5fadf6a333ebeb01ed9fb4b81b2ba9e3fe0adae50453362f?s=96&d=retro&r=g\",\"contentUrl\":\"https:\/\/secure.gravatar.com\/avatar\/47104684a66566ff5fadf6a333ebeb01ed9fb4b81b2ba9e3fe0adae50453362f?s=96&d=retro&r=g\",\"caption\":\"Gabriella Turbiani\"},\"description\":\"Gabriella Turbiani \u00e9 designer h\u00e1 24 anos, com uma forma\u00e7\u00e3o em Design Gr\u00e1fico na ESAG\/Met de Penninghen, em Paris, onde viveu durante 10 anos. Iniciou sua carreira em Nova York, onde, durante 3 anos, trabalhou com webdesign e identidades visuais no Studio Mobile. No seu retorno ao Brasil, trabalhou em ag\u00eancias, com projetos variados de design e marketing para uma extensiva lista de clientes renomados, como Souza Cruz, Volkswagen, Gillette, Editora Edipresse, Oi, entre outras. Em parceria com a ag\u00eancia Bold\u00ba, do Rio de Janeiro, ganhou a medalha de ouro do Pr\u00eamio Colunistas Design_Brasil, pelo trabalho feito para a Orquestra Sinf\u00f4nica Brasileira, a OSB. Foi tamb\u00e9m jurada da categoria Cartazes da X\u00aa Bienal da ADG. Desde 2014, depois de um MBA em Branding na Rio Branco, Gabriella vem unindo seu conhecimento do design com ferramentas do Branding para criar e inserir novas marcas originais no mercado, sendo respons\u00e1vel pela estrat\u00e9gia, design e gest\u00e3o da comunica\u00e7\u00e3o visual completa. Em 2020 iniciou no universo da tecnologia e startups e em 2022 foi a UX respons\u00e1vel por 2 projetos na Rede d'Or. Hoje possui dois GPTs treinados para criar nome e marca de empresa e deu o pontap\u00e9 inicial na sua startup.\"}]}<\/script>\n<!-- \/ Yoast SEO plugin. -->","yoast_head_json":{"title":"Quem pode fazer a sua marca &#187; Turbiani","robots":{"index":"index","follow":"follow","max-snippet":"max-snippet:-1","max-image-preview":"max-image-preview:large","max-video-preview":"max-video-preview:-1"},"canonical":"https:\/\/turbiani.com\/wpturbiani\/quem-pode-fazer-a-sua-marca\/","og_locale":"pt_BR","og_type":"article","og_title":"Quem pode fazer a sua marca &#187; Turbiani","og_description":"Dentro da economia criativa existem v\u00e1rios profissionais competentes em suas \u00e1reas: o publicit\u00e1rio, o designer, o profissional de branding, o arquiteto, o artista visual e outros. Venho aqui matar suas d\u00favidas e esclarecer qual profissional deve ser contratado para cria\u00e7\u00e3o da sua marca, da marca que vai representar a sua empresa, que vai falar por [&hellip;]","og_url":"https:\/\/turbiani.com\/wpturbiani\/quem-pode-fazer-a-sua-marca\/","og_site_name":"Turbiani","article_publisher":"https:\/\/www.facebook.com\/TurbianieCo\/","article_published_time":"2016-05-11T17:16:50+00:00","article_modified_time":"2017-01-25T17:42:00+00:00","og_image":[{"width":660,"height":440,"url":"https:\/\/turbiani.com\/wpturbiani\/wp-content\/uploads\/2016\/05\/marcas_valiosas.jpg","type":"image\/jpeg"}],"author":"Gabriella Turbiani","twitter_card":"summary_large_image","twitter_misc":{"Escrito por":"Gabriella Turbiani","Est. tempo de leitura":"8 minutos"},"schema":{"@context":"https:\/\/schema.org","@graph":[{"@type":"Article","@id":"https:\/\/turbiani.com\/wpturbiani\/quem-pode-fazer-a-sua-marca\/#article","isPartOf":{"@id":"https:\/\/turbiani.com\/wpturbiani\/quem-pode-fazer-a-sua-marca\/"},"author":{"name":"Gabriella Turbiani","@id":"https:\/\/turbiani.com\/wpturbiani\/#\/schema\/person\/bd45377bf862b1e094ec5a4451d18347"},"headline":"Quem pode fazer a sua marca","datePublished":"2016-05-11T17:16:50+00:00","dateModified":"2017-01-25T17:42:00+00:00","mainEntityOfPage":{"@id":"https:\/\/turbiani.com\/wpturbiani\/quem-pode-fazer-a-sua-marca\/"},"wordCount":1684,"commentCount":1,"publisher":{"@id":"https:\/\/turbiani.com\/wpturbiani\/#organization"},"image":{"@id":"https:\/\/turbiani.com\/wpturbiani\/quem-pode-fazer-a-sua-marca\/#primaryimage"},"thumbnailUrl":"https:\/\/turbiani.com\/wpturbiani\/wp-content\/uploads\/2016\/05\/marcas_valiosas.jpg","articleSection":["Branding","Design","Marca"],"inLanguage":"pt-BR","potentialAction":[{"@type":"CommentAction","name":"Comment","target":["https:\/\/turbiani.com\/wpturbiani\/quem-pode-fazer-a-sua-marca\/#respond"]}]},{"@type":"WebPage","@id":"https:\/\/turbiani.com\/wpturbiani\/quem-pode-fazer-a-sua-marca\/","url":"https:\/\/turbiani.com\/wpturbiani\/quem-pode-fazer-a-sua-marca\/","name":"Quem pode fazer a sua marca &#187; Turbiani","isPartOf":{"@id":"https:\/\/turbiani.com\/wpturbiani\/#website"},"primaryImageOfPage":{"@id":"https:\/\/turbiani.com\/wpturbiani\/quem-pode-fazer-a-sua-marca\/#primaryimage"},"image":{"@id":"https:\/\/turbiani.com\/wpturbiani\/quem-pode-fazer-a-sua-marca\/#primaryimage"},"thumbnailUrl":"https:\/\/turbiani.com\/wpturbiani\/wp-content\/uploads\/2016\/05\/marcas_valiosas.jpg","datePublished":"2016-05-11T17:16:50+00:00","dateModified":"2017-01-25T17:42:00+00:00","breadcrumb":{"@id":"https:\/\/turbiani.com\/wpturbiani\/quem-pode-fazer-a-sua-marca\/#breadcrumb"},"inLanguage":"pt-BR","potentialAction":[{"@type":"ReadAction","target":["https:\/\/turbiani.com\/wpturbiani\/quem-pode-fazer-a-sua-marca\/"]}]},{"@type":"ImageObject","inLanguage":"pt-BR","@id":"https:\/\/turbiani.com\/wpturbiani\/quem-pode-fazer-a-sua-marca\/#primaryimage","url":"https:\/\/turbiani.com\/wpturbiani\/wp-content\/uploads\/2016\/05\/marcas_valiosas.jpg","contentUrl":"https:\/\/turbiani.com\/wpturbiani\/wp-content\/uploads\/2016\/05\/marcas_valiosas.jpg","width":660,"height":440},{"@type":"BreadcrumbList","@id":"https:\/\/turbiani.com\/wpturbiani\/quem-pode-fazer-a-sua-marca\/#breadcrumb","itemListElement":[{"@type":"ListItem","position":1,"name":"In\u00edcio","item":"https:\/\/turbiani.com\/wpturbiani\/"},{"@type":"ListItem","position":2,"name":"Quem pode fazer a sua marca"}]},{"@type":"WebSite","@id":"https:\/\/turbiani.com\/wpturbiani\/#website","url":"https:\/\/turbiani.com\/wpturbiani\/","name":"Turbiani","description":"Branding &amp; Design","publisher":{"@id":"https:\/\/turbiani.com\/wpturbiani\/#organization"},"potentialAction":[{"@type":"SearchAction","target":{"@type":"EntryPoint","urlTemplate":"https:\/\/turbiani.com\/wpturbiani\/?s={search_term_string}"},"query-input":{"@type":"PropertyValueSpecification","valueRequired":true,"valueName":"search_term_string"}}],"inLanguage":"pt-BR"},{"@type":"Organization","@id":"https:\/\/turbiani.com\/wpturbiani\/#organization","name":"Turbiani & Co :: Branding & Design","url":"https:\/\/turbiani.com\/wpturbiani\/","logo":{"@type":"ImageObject","inLanguage":"pt-BR","@id":"https:\/\/turbiani.com\/wpturbiani\/#\/schema\/logo\/image\/","url":"https:\/\/turbiani.com\/wpturbiani\/wp-content\/uploads\/2025\/01\/Logo_Turbiani.png","contentUrl":"https:\/\/turbiani.com\/wpturbiani\/wp-content\/uploads\/2025\/01\/Logo_Turbiani.png","width":276,"height":49,"caption":"Turbiani & Co :: Branding & Design"},"image":{"@id":"https:\/\/turbiani.com\/wpturbiani\/#\/schema\/logo\/image\/"},"sameAs":["https:\/\/www.facebook.com\/TurbianieCo\/","https:\/\/www.instagram.com\/turbianieco\/","https:\/\/www.youtube.com\/channel\/UC6pDEieGf83BbREKDBquCRQ"]},{"@type":"Person","@id":"https:\/\/turbiani.com\/wpturbiani\/#\/schema\/person\/bd45377bf862b1e094ec5a4451d18347","name":"Gabriella Turbiani","image":{"@type":"ImageObject","inLanguage":"pt-BR","@id":"https:\/\/turbiani.com\/wpturbiani\/#\/schema\/person\/image\/","url":"https:\/\/secure.gravatar.com\/avatar\/47104684a66566ff5fadf6a333ebeb01ed9fb4b81b2ba9e3fe0adae50453362f?s=96&d=retro&r=g","contentUrl":"https:\/\/secure.gravatar.com\/avatar\/47104684a66566ff5fadf6a333ebeb01ed9fb4b81b2ba9e3fe0adae50453362f?s=96&d=retro&r=g","caption":"Gabriella Turbiani"},"description":"Gabriella Turbiani \u00e9 designer h\u00e1 24 anos, com uma forma\u00e7\u00e3o em Design Gr\u00e1fico na ESAG\/Met de Penninghen, em Paris, onde viveu durante 10 anos. Iniciou sua carreira em Nova York, onde, durante 3 anos, trabalhou com webdesign e identidades visuais no Studio Mobile. No seu retorno ao Brasil, trabalhou em ag\u00eancias, com projetos variados de design e marketing para uma extensiva lista de clientes renomados, como Souza Cruz, Volkswagen, Gillette, Editora Edipresse, Oi, entre outras. Em parceria com a ag\u00eancia Bold\u00ba, do Rio de Janeiro, ganhou a medalha de ouro do Pr\u00eamio Colunistas Design_Brasil, pelo trabalho feito para a Orquestra Sinf\u00f4nica Brasileira, a OSB. Foi tamb\u00e9m jurada da categoria Cartazes da X\u00aa Bienal da ADG. Desde 2014, depois de um MBA em Branding na Rio Branco, Gabriella vem unindo seu conhecimento do design com ferramentas do Branding para criar e inserir novas marcas originais no mercado, sendo respons\u00e1vel pela estrat\u00e9gia, design e gest\u00e3o da comunica\u00e7\u00e3o visual completa. Em 2020 iniciou no universo da tecnologia e startups e em 2022 foi a UX respons\u00e1vel por 2 projetos na Rede d'Or. Hoje possui dois GPTs treinados para criar nome e marca de empresa e deu o pontap\u00e9 inicial na sua startup."}]}},"_links":{"self":[{"href":"https:\/\/turbiani.com\/wpturbiani\/wp-json\/wp\/v2\/posts\/733","targetHints":{"allow":["GET"]}}],"collection":[{"href":"https:\/\/turbiani.com\/wpturbiani\/wp-json\/wp\/v2\/posts"}],"about":[{"href":"https:\/\/turbiani.com\/wpturbiani\/wp-json\/wp\/v2\/types\/post"}],"author":[{"embeddable":true,"href":"https:\/\/turbiani.com\/wpturbiani\/wp-json\/wp\/v2\/users\/1"}],"replies":[{"embeddable":true,"href":"https:\/\/turbiani.com\/wpturbiani\/wp-json\/wp\/v2\/comments?post=733"}],"version-history":[{"count":14,"href":"https:\/\/turbiani.com\/wpturbiani\/wp-json\/wp\/v2\/posts\/733\/revisions"}],"predecessor-version":[{"id":1266,"href":"https:\/\/turbiani.com\/wpturbiani\/wp-json\/wp\/v2\/posts\/733\/revisions\/1266"}],"wp:featuredmedia":[{"embeddable":true,"href":"https:\/\/turbiani.com\/wpturbiani\/wp-json\/wp\/v2\/media\/734"}],"wp:attachment":[{"href":"https:\/\/turbiani.com\/wpturbiani\/wp-json\/wp\/v2\/media?parent=733"}],"wp:term":[{"taxonomy":"category","embeddable":true,"href":"https:\/\/turbiani.com\/wpturbiani\/wp-json\/wp\/v2\/categories?post=733"},{"taxonomy":"post_tag","embeddable":true,"href":"https:\/\/turbiani.com\/wpturbiani\/wp-json\/wp\/v2\/tags?post=733"}],"curies":[{"name":"wp","href":"https:\/\/api.w.org\/{rel}","templated":true}]}}