{"id":1774,"date":"2019-12-05T18:22:54","date_gmt":"2019-12-05T21:22:54","guid":{"rendered":"http:\/\/turbiani.com\/wpturbiani\/?p=1774"},"modified":"2019-12-05T18:22:54","modified_gmt":"2019-12-05T21:22:54","slug":"o-que-e-arquitetura-de-marca","status":"publish","type":"post","link":"https:\/\/turbiani.com\/wpturbiani\/o-que-e-arquitetura-de-marca\/","title":{"rendered":"O que \u00e9 arquitetura de marca e como isso impacta o seu neg\u00f3cio?"},"content":{"rendered":"<h2><span style=\"font-weight: 400;\">O conceito de arquitetura de marcas \u00e9 muito importante na atualidade, j\u00e1 que os neg\u00f3cios frequentemente se baseiam em complexas estruturas, envolvendo marcas segmentadas e linhas de produtos ou servi\u00e7os.<\/span><\/h2>\n<p><span style=\"font-weight: 400;\">Atualmente, para se destacar no mercado, as empresas montam um portf\u00f3lio de produtos, que varia conforme o branding e a arquitetura de marca.\u00a0<\/span><\/p>\n<p><span style=\"font-weight: 400;\">\u00c9 v\u00e1lido lembrar que uma empresa pode vender produtos para diferentes p\u00fablicos. Entretanto, o oferecimento deve estar estruturado sob o mesmo nome, de alguma forma.<\/span><\/p>\n<p><span style=\"font-weight: 400;\">A arquitetura de marcas funciona como uma hierarquia de marcas dentro de uma \u00fanica empresa, organizando os produtos ou servi\u00e7os com consist\u00eancia e <a href=\"https:\/\/turbiani.com\/wpturbiani\/quem-pode-fazer-a-sua-marca\/\" target=\"_blank\" rel=\"noopener\">identidade visual<\/a>, para que o sistema funcione.<\/span><\/p>\n<p><span style=\"font-weight: 400;\">Este sistema organiza marcas, produtos e servi\u00e7os e por isso \u00e9 bastante \u00fatil ao p\u00fablico, ajudando principalmente na identifica\u00e7\u00e3o no momento das compras.\u00a0<\/span><\/p>\n<p><span style=\"font-weight: 400;\">A consist\u00eancia e ordem visual ou verbal, separando ou unindo os elementos, podem ser fundamentais para o crescimento das empresas de maneira eficiente.<\/span><\/p>\n<h2><span style=\"font-weight: 400;\">O que \u00e9 arquitetura de marca?<\/span><\/h2>\n<p><span style=\"font-weight: 400;\">O conceito de arquitetura de marca se refere essencialmente \u00e0 maneira como uma empresa escolhe organizar o seu portf\u00f3lio de marcas. Ele tem o objetivo de otimizar dois grandes movimentos de expans\u00e3o que s\u00e3o fundamentais para o sucesso de uma marca.<\/span><\/p>\n<p><span style=\"font-weight: 400;\">A expans\u00e3o horizontal \u00e9 quando uma empresa passa a assinar novos produtos e conceitos. Para exemplificar, basta imaginar um empreendimento focado na confec\u00e7\u00e3o de <\/span><a href=\"http:\/\/www.adrouniformes.com.br\/uniformes-personalizados-empresas\">uniformes personalizados para empresas<\/a><span style=\"font-weight: 400;\"> que passa a produzir tamb\u00e9m uniformes escolares.\u00a0<\/span><\/p>\n<p><span style=\"font-weight: 400;\">J\u00e1 a expans\u00e3o vertical ocorre quando uma marca \u00e9 promovida com o aval de outras. Seria o caso da empresa que, ao inv\u00e9s de produzir uniformes de trabalho e escolares, muda de segmento e investe mais significativamente em um novo neg\u00f3cio.<\/span><\/p>\n<p><span style=\"font-weight: 400;\">A arquitetura de marcas est\u00e1 baseada principalmente em dois pilares, o primeiro \u00e9 a proposi\u00e7\u00e3o de estrat\u00e9gias para a cria\u00e7\u00e3o de um portf\u00f3lio coeso, com boa troca entre as for\u00e7as e expans\u00f5es consistentes das marcas com o passar do tempo.<\/span><\/p>\n<p><span style=\"font-weight: 400;\">O segundo \u00e9 o planejamento de crit\u00e9rios para a organiza\u00e7\u00e3o do curr\u00edculo da empresa. Para isso, \u00e9 preciso ter em mente que a identidade visual \u00e9 fundamental, demandando bastante estudo e dedica\u00e7\u00e3o.\u00a0<\/span><\/p>\n<p><span style=\"font-weight: 400;\">Desse modo, elas devem ser adequadas para garantir o fortalecimento das marcas e da empresa, independentemente da estrutura escolhida.<\/span><\/p>\n<h3><span style=\"font-weight: 400;\">Estrutura de marcas<\/span><\/h3>\n<p><span style=\"font-weight: 400;\">A estrutura de marcas pode ser dividida em quatro n\u00edveis, consolidados pelo processo de evolu\u00e7\u00e3o de mercado. S\u00e3o eles: corpora\u00e7\u00e3o, empresas ou \u00e1reas, linhas e produto ou servi\u00e7o.<\/span><\/p>\n<p><span style=\"font-weight: 400;\">\u00c0 partir disso, \u00e9 poss\u00edvel observar a ocorr\u00eancia de tr\u00eas modelos principais de arquitetura de marcas, o modelo de independ\u00eancia, modelo de paternidade e modelo monol\u00edtico.<\/span><\/p>\n<h4><span style=\"font-weight: 400;\">Modelo de Independ\u00eancia<\/span><\/h4>\n<p><span style=\"font-weight: 400;\">No modelo de Independ\u00eancia, a principal caracter\u00edstica \u00e9 que as marcas n\u00e3o t\u00eam nenhuma semelhan\u00e7a entre si.\u00a0<\/span><\/p>\n<p><span style=\"font-weight: 400;\">Basta imaginar uma empresa que possua marcas de <\/span><a href=\"https:\/\/www.primeled.com.br\/distribuidor-painel-led\">painel de led outdoor<\/a><span style=\"font-weight: 400;\"> e outros tipos de produtos, como alimentos ou de brinquedos.<\/span><\/p>\n<p><span style=\"font-weight: 400;\">Nesse modelo cada marca \u201ctem vida pr\u00f3pria\u201d, as atividades s\u00e3o separadas e exclusivas, sem nenhuma intera\u00e7\u00e3o entre produtos e unidades de neg\u00f3cios.<\/span><\/p>\n<p><span style=\"font-weight: 400;\">As marcas podem ter at\u00e9 p\u00fablicos distintos. Nesses casos, elas costumam ser controladas por holdings e n\u00e3o ter nenhuma semelhan\u00e7a.<\/span><\/p>\n<p><span style=\"font-weight: 400;\">Geralmente, esse modelo demanda um investimento elevado para diluir o budget dispon\u00edvel, justamente porque as marcas n\u00e3o t\u00eam rela\u00e7\u00e3o. Isso pode levar a um resultado menor, de maneira geral e independente.<\/span><\/p>\n<p><span style=\"font-weight: 400;\">Outro fator a se considerar \u00e9 que uma <\/span><a href=\"https:\/\/www.pisaoacabamento.com.br\/loja-porcelanato\">loja de porcelanato<\/a><span style=\"font-weight: 400;\"> que siga esse modelo em seus produtos ter\u00e1 mais despesas nos lan\u00e7amentos de novas linhas.\u00a0<\/span><\/p>\n<p><span style=\"font-weight: 400;\">Uma vantagem \u00e9 que se uma marca se envolver em um esc\u00e2ndalo ou problema, as outras n\u00e3o sofrem preju\u00edzos com a imagem associada.<\/span><\/p>\n<h4><span style=\"font-weight: 400;\">Modelo de Paternidade<\/span><\/h4>\n<p><span style=\"font-weight: 400;\">Nesse modelo as empresas carregam alguma semelhan\u00e7a com a empresa, ou a \u201cmarca guarda-chuva\u201d, como pode ser chamada.\u00a0<\/span><\/p>\n<p><span style=\"font-weight: 400;\">Em outras palavras, cada produto ou empresa que pertence a determinado grupo ter\u00e1 a assinatura da marca principal.<\/span><\/p>\n<p><span style=\"font-weight: 400;\">O modelo tamb\u00e9m pode ser chamado de \u201cendossado\u201d, porque as submarcas se conectam a uma grande marca corporativa por meio de um endosso, que pode ser visual ou at\u00e9 verbal. A marca guarda-chuva est\u00e1 sempre acima das outras.<\/span><\/p>\n<p><span style=\"font-weight: 400;\">No caso de <\/span><a href=\"http:\/\/www.elevadoressalta.com.br\/empresas-que-trabalham-manutencao-elevadores\">empresas de manuten\u00e7\u00e3o de elevadores<\/a><span style=\"font-weight: 400;\">, por exemplo, a marca corporativa pode se fazer presente em todos os produtos, novos ou j\u00e1 existentes, embora o grau de ades\u00e3o varie bastante.<\/span><\/p>\n<h4><span style=\"font-weight: 400;\">Modelo Monol\u00edtico<\/span><\/h4>\n<p><span style=\"font-weight: 400;\">O Modelo Monol\u00edtico \u00e9 o inverso do Modelo de Independ\u00eancia. Nele, a arquitetura das marcas \u00e9 planejada de forma que todas elas tenham elementos da marca-m\u00e3e.<\/span><\/p>\n<p><span style=\"font-weight: 400;\">A principal caracter\u00edstica deste modelo \u00e9 a repeti\u00e7\u00e3o constante dos elementos visuais da marca da empresa, em todos os seus produtos, criando uma marca principal, forte e \u00fanica.\u00a0<\/span><\/p>\n<p><span style=\"font-weight: 400;\">De uma maneira geral, em uma empresa de aluguel de artigos para festas, por exemplo, os servi\u00e7os oferecidos podem se diferenciar por ter apenas uma denomina\u00e7\u00e3o diferente, como a <\/span><a href=\"https:\/\/www.locacaodemoveis.com\/locacao-mesa-festa\">loca\u00e7\u00e3o de mesa para festa<\/a><span style=\"font-weight: 400;\">, de cadeira, de sof\u00e1s e outros tipos de m\u00f3veis.<\/span><\/p>\n<p><span style=\"font-weight: 400;\">Em outras palavras, \u00e9 um modelo que universaliza a marca da empresa, aplicando-a em qualquer produto ou servi\u00e7o a ser implantado, com os mesmos sinais e identifica\u00e7\u00f5es.\u00a0<\/span><\/p>\n<p><span style=\"font-weight: 400;\">Uma das vantagens disso \u00e9 que o modelo potencializa os esfor\u00e7os em comunica\u00e7\u00e3o, pois a divulga\u00e7\u00e3o de qualquer produto da empresa ativa o reconhecimento de todas as outras marcas, que possuem semelhan\u00e7as na identidade visual.<\/span><\/p>\n<p><span style=\"font-weight: 400;\">Nenhuma das op\u00e7\u00f5es \u00e9 exclusivamente boa ou ruim, melhor ou pior, variando de acordo com as caracter\u00edsticas especiais das empresas e seus nichos de atua\u00e7\u00e3o.\u00a0<\/span><\/p>\n<p><span style=\"font-weight: 400;\">Al\u00e9m disso, essas classifica\u00e7\u00f5es podem ser consideradas prim\u00e1rias, com possibilidade de aplica\u00e7\u00e3o de arquitetura de marca mista, com a mistura dos modelos, de acordo com as necessidades de cada empreendimento.<\/span><\/p>\n<p><span style=\"font-weight: 400;\">O posicionamento estrat\u00e9gico e a cultura corporativa tamb\u00e9m s\u00e3o importantes definidores para a arquitetura de marcas.<\/span><\/p>\n<p><span style=\"font-weight: 400;\">Por isso, \u00e9 importante contratar profissionais ou at\u00e9 mesmo equipes especializadas para consultoria durante os processos de defini\u00e7\u00e3o das marcas.\u00a0<\/span><\/p>\n<p><span style=\"font-weight: 400;\">Em um empreendimento especializado em <\/span><a href=\"http:\/\/www.freirestands.com.br\/montagem-quiosque-shopping\">quiosque para shopping<\/a><span style=\"font-weight: 400;\">, por exemplo, eles podem ajudar na busca pelo modelo mais adequado, com uma an\u00e1lise do portf\u00f3lio da empresa, dos modelos poss\u00edveis, de empresas refer\u00eancia.<\/span><\/p>\n<p><span style=\"font-weight: 400;\">Assim, s\u00e3o escolhidas as melhores alternativas para o branding das marcas, de uma maneira que elas sejam constru\u00eddas com for\u00e7a, criando conex\u00e3o com os consumidores.<\/span><\/p>\n<h2><span style=\"font-weight: 400;\">Qual \u00e9 a rela\u00e7\u00e3o entre arquitetura de marca e branding?<\/span><\/h2>\n<p><span style=\"font-weight: 400;\">A arquitetura de marcas est\u00e1 diretamente ligada \u00e0 pr\u00f3pria constru\u00e7\u00e3o do branding. A marca (ou <\/span><i><span style=\"font-weight: 400;\">brand<\/span><\/i><span style=\"font-weight: 400;\">) \u00e9 um conjunto de elementos que t\u00eam a fun\u00e7\u00e3o de ajudar os consumidores na identifica\u00e7\u00e3o de determinados produtos ou empresas.<\/span><\/p>\n<p><span style=\"font-weight: 400;\">Para exemplificar, basta imaginar uma especializada na montagem de <\/span><a href=\"https:\/\/www.oxigeniocomunicacoes.com.br\/stand-eventos\">stand para eventos<\/a><span style=\"font-weight: 400;\">. Ela pode investir em uma identidade visual pr\u00f3pria, incluindo nome, cor e at\u00e9 som. Isso \u00e9 feito de forma a moldar uma identidade corporativa que expresse a personalidade da marca.<\/span><\/p>\n<p><span style=\"font-weight: 400;\">Os esfor\u00e7os de criar e comunicar uma identidade para um produto, servi\u00e7o ou organiza\u00e7\u00e3o s\u00e3o o primeiro passo para o branding.\u00a0<\/span><\/p>\n<p><span style=\"font-weight: 400;\">O branding \u00e9 a gest\u00e3o de marcas, um processo que envolve cria\u00e7\u00e3o e gest\u00e3o de uma estrutura para uma marca e por isso est\u00e1 diretamente relacionado \u00e0 arquitetura de marcas.<\/span><\/p>\n<h2><span style=\"font-weight: 400;\">Qual \u00e9 o impacto da arquitetura de marca para um neg\u00f3cio?<\/span><\/h2>\n<p><span style=\"font-weight: 400;\">\u00c9 comum que os empreendedores, especialmente de neg\u00f3cios de pequeno porte, se perguntem a import\u00e2ncia de aplicar o conceito de arquitetura de marca. Ao contr\u00e1rio do que se imagina, ele n\u00e3o \u00e9 apenas para grande corpora\u00e7\u00f5es.<\/span><\/p>\n<p><span style=\"font-weight: 400;\">Mesmo os pequenos empres\u00e1rios podem se beneficiar quando aplicam a arquitetura de marcas \u00e0 uma empresa de venda e <\/span><a href=\"http:\/\/www.bomclimasp.com.br\/empresa-instalacao-ar-condicionado\">instala\u00e7\u00e3o de ar condicionado<\/a><span style=\"font-weight: 400;\">, por exemplo.<\/span><\/p>\n<p><span style=\"font-weight: 400;\">At\u00e9 porque, desta forma, elas conseguem organizar melhor suas ofertas e sentir melhorias no desempenho.<\/span><\/p>\n<p><span style=\"font-weight: 400;\">Independentemente do tamanho da empresa, a arquitetura de marcas pode ajudar a:<\/span><\/p>\n<ul>\n<li style=\"font-weight: 400;\"><span style=\"font-weight: 400;\">Segmentar servi\u00e7os e mensagens para p\u00fablicos distintos;<\/span><\/li>\n<li style=\"font-weight: 400;\"><span style=\"font-weight: 400;\">Melhorar o atendimento dos diferentes p\u00fablicos-alvos de uma empresa;<\/span><\/li>\n<li style=\"font-weight: 400;\"><span style=\"font-weight: 400;\">Reduzir significativa nos custos de marketing, com maior efici\u00eancia;<\/span><\/li>\n<li style=\"font-weight: 400;\"><span style=\"font-weight: 400;\">Aumentar oportunidades de promo\u00e7\u00e3o cruzada entre submarcas;<\/span><\/li>\n<li style=\"font-weight: 400;\"><span style=\"font-weight: 400;\">Articular claramente nomes de submarcas e mensagens para clientes;<\/span><\/li>\n<li style=\"font-weight: 400;\"><span style=\"font-weight: 400;\">Flexibilizar para expans\u00f5es futuras de produtos e servi\u00e7os;<\/span><\/li>\n<li style=\"font-weight: 400;\"><span style=\"font-weight: 400;\">Refor\u00e7ar a confian\u00e7a do p\u00fablico na empresa;<\/span><\/li>\n<li style=\"font-weight: 400;\"><span style=\"font-weight: 400;\">Dar mais clareza e sinergia entre empresas, divis\u00f5es e produtos;<\/span><\/li>\n<li style=\"font-weight: 400;\"><span style=\"font-weight: 400;\">Conscientizar o cliente sobre ofertas, facilitando vendas cruzadas;<\/span><\/li>\n<li style=\"font-weight: 400;\"><span style=\"font-weight: 400;\">Diversificar neg\u00f3cios, aumentar a visibilidade e lucratividade;<\/span><\/li>\n<li style=\"font-weight: 400;\"><span style=\"font-weight: 400;\">Construir e proteger o patrim\u00f4nio das marcas.<\/span><\/li>\n<\/ul>\n<p><span style=\"font-weight: 400;\">Pode-se dizer que o resultado de uma arquitetura de marcas bem aplicada \u00e9 um bem valioso para qualquer empresa, o brand equity.\u00a0<\/span><\/p>\n<p><span style=\"font-weight: 400;\">Com o crescimento da equidade da marca, a empresa consegue retornos em fun\u00e7\u00e3o da autoridade da ind\u00fastria e da avalia\u00e7\u00e3o do mercado.<\/span><\/p>\n<p><span style=\"font-weight: 400;\">Pode n\u00e3o ser f\u00e1cil conseguir uma arquitetura de marcas s\u00f3lida e eficiente, mas com certeza \u00e9 bastante recompensador para as empresas dos mais variados segmentos de atua\u00e7\u00e3o.<\/span><\/p>\n<p><i><span style=\"font-weight: 400;\">Esse texto foi originalmente desenvolvido pela equipe do blog <\/span><\/i><a href=\"https:\/\/www.guiadeinvestimento.com.br\/\"><i>Guia de Investimento<\/i><\/a><i><span style=\"font-weight: 400;\">, onde voc\u00ea pode encontrar centenas de conte\u00fados informativos sobre diversos segmentos.<\/span><\/i><\/p>\n","protected":false},"excerpt":{"rendered":"<p>O conceito de arquitetura de marcas \u00e9 muito importante na atualidade, j\u00e1 que os neg\u00f3cios frequentemente se baseiam em complexas estruturas, envolvendo marcas segmentadas e linhas de produtos ou servi\u00e7os. Atualmente, para se destacar no mercado, as empresas montam um portf\u00f3lio de produtos, que varia conforme o branding e a arquitetura de marca.\u00a0 \u00c9 v\u00e1lido [&hellip;]<\/p>\n","protected":false},"author":1,"featured_media":1302,"comment_status":"open","ping_status":"open","sticky":false,"template":"","format":"standard","meta":{"footnotes":""},"categories":[21,3],"tags":[],"class_list":["post-1774","post","type-post","status-publish","format-standard","has-post-thumbnail","hentry","category-branding","category-design"],"yoast_head":"<!-- This site is optimized with the Yoast SEO plugin v25.3.1 - https:\/\/yoast.com\/wordpress\/plugins\/seo\/ -->\n<title>O que \u00e9 arquitetura de marca e como isso impacta o seu neg\u00f3cio?<\/title>\n<meta name=\"description\" content=\"O conceito de arquitetura de marca se refere essencialmente \u00e0 maneira como uma empresa escolhe organizar o seu portf\u00f3lio de marcas. Ele tem o objetivo de otimizar dois grandes movimentos de expans\u00e3o que s\u00e3o fundamentais para o sucesso de uma marca.\" \/>\n<meta name=\"robots\" content=\"index, follow, max-snippet:-1, max-image-preview:large, max-video-preview:-1\" \/>\n<link rel=\"canonical\" href=\"https:\/\/turbiani.com\/wpturbiani\/o-que-e-arquitetura-de-marca\/\" \/>\n<meta property=\"og:locale\" content=\"pt_BR\" \/>\n<meta property=\"og:type\" content=\"article\" \/>\n<meta property=\"og:title\" content=\"O que \u00e9 arquitetura de marca e como isso impacta o seu neg\u00f3cio?\" \/>\n<meta property=\"og:description\" content=\"O conceito de arquitetura de marca se refere essencialmente \u00e0 maneira como uma empresa escolhe organizar o seu portf\u00f3lio de marcas. Ele tem o objetivo de otimizar dois grandes movimentos de expans\u00e3o que s\u00e3o fundamentais para o sucesso de uma marca.\" \/>\n<meta property=\"og:url\" content=\"https:\/\/turbiani.com\/wpturbiani\/o-que-e-arquitetura-de-marca\/\" \/>\n<meta property=\"og:site_name\" content=\"Turbiani\" \/>\n<meta property=\"article:publisher\" content=\"https:\/\/www.facebook.com\/TurbianieCo\/\" \/>\n<meta property=\"article:published_time\" content=\"2019-12-05T21:22:54+00:00\" \/>\n<meta property=\"og:image\" content=\"https:\/\/turbiani.com\/wpturbiani\/wp-content\/uploads\/2017\/05\/marcas_abrangentes_guarda-chuva.jpg\" \/>\n\t<meta property=\"og:image:width\" content=\"3072\" \/>\n\t<meta property=\"og:image:height\" content=\"1929\" \/>\n\t<meta property=\"og:image:type\" content=\"image\/jpeg\" \/>\n<meta name=\"author\" content=\"Gabriella Turbiani\" \/>\n<meta name=\"twitter:card\" content=\"summary_large_image\" \/>\n<meta name=\"twitter:label1\" content=\"Escrito por\" \/>\n\t<meta name=\"twitter:data1\" content=\"Gabriella Turbiani\" \/>\n\t<meta name=\"twitter:label2\" content=\"Est. tempo de leitura\" \/>\n\t<meta name=\"twitter:data2\" content=\"8 minutos\" \/>\n<script type=\"application\/ld+json\" class=\"yoast-schema-graph\">{\"@context\":\"https:\/\/schema.org\",\"@graph\":[{\"@type\":\"Article\",\"@id\":\"https:\/\/turbiani.com\/wpturbiani\/o-que-e-arquitetura-de-marca\/#article\",\"isPartOf\":{\"@id\":\"https:\/\/turbiani.com\/wpturbiani\/o-que-e-arquitetura-de-marca\/\"},\"author\":{\"name\":\"Gabriella Turbiani\",\"@id\":\"https:\/\/turbiani.com\/wpturbiani\/#\/schema\/person\/bd45377bf862b1e094ec5a4451d18347\"},\"headline\":\"O que \u00e9 arquitetura de marca e como isso impacta o seu neg\u00f3cio?\",\"datePublished\":\"2019-12-05T21:22:54+00:00\",\"mainEntityOfPage\":{\"@id\":\"https:\/\/turbiani.com\/wpturbiani\/o-que-e-arquitetura-de-marca\/\"},\"wordCount\":1549,\"commentCount\":0,\"publisher\":{\"@id\":\"https:\/\/turbiani.com\/wpturbiani\/#organization\"},\"image\":{\"@id\":\"https:\/\/turbiani.com\/wpturbiani\/o-que-e-arquitetura-de-marca\/#primaryimage\"},\"thumbnailUrl\":\"https:\/\/turbiani.com\/wpturbiani\/wp-content\/uploads\/2017\/05\/marcas_abrangentes_guarda-chuva.jpg\",\"articleSection\":[\"Branding\",\"Design\"],\"inLanguage\":\"pt-BR\",\"potentialAction\":[{\"@type\":\"CommentAction\",\"name\":\"Comment\",\"target\":[\"https:\/\/turbiani.com\/wpturbiani\/o-que-e-arquitetura-de-marca\/#respond\"]}]},{\"@type\":\"WebPage\",\"@id\":\"https:\/\/turbiani.com\/wpturbiani\/o-que-e-arquitetura-de-marca\/\",\"url\":\"https:\/\/turbiani.com\/wpturbiani\/o-que-e-arquitetura-de-marca\/\",\"name\":\"O que \u00e9 arquitetura de marca e como isso impacta o seu neg\u00f3cio?\",\"isPartOf\":{\"@id\":\"https:\/\/turbiani.com\/wpturbiani\/#website\"},\"primaryImageOfPage\":{\"@id\":\"https:\/\/turbiani.com\/wpturbiani\/o-que-e-arquitetura-de-marca\/#primaryimage\"},\"image\":{\"@id\":\"https:\/\/turbiani.com\/wpturbiani\/o-que-e-arquitetura-de-marca\/#primaryimage\"},\"thumbnailUrl\":\"https:\/\/turbiani.com\/wpturbiani\/wp-content\/uploads\/2017\/05\/marcas_abrangentes_guarda-chuva.jpg\",\"datePublished\":\"2019-12-05T21:22:54+00:00\",\"description\":\"O conceito de arquitetura de marca se refere essencialmente \u00e0 maneira como uma empresa escolhe organizar o seu portf\u00f3lio de marcas. Ele tem o objetivo de otimizar dois grandes movimentos de expans\u00e3o que s\u00e3o fundamentais para o sucesso de uma marca.\",\"breadcrumb\":{\"@id\":\"https:\/\/turbiani.com\/wpturbiani\/o-que-e-arquitetura-de-marca\/#breadcrumb\"},\"inLanguage\":\"pt-BR\",\"potentialAction\":[{\"@type\":\"ReadAction\",\"target\":[\"https:\/\/turbiani.com\/wpturbiani\/o-que-e-arquitetura-de-marca\/\"]}]},{\"@type\":\"ImageObject\",\"inLanguage\":\"pt-BR\",\"@id\":\"https:\/\/turbiani.com\/wpturbiani\/o-que-e-arquitetura-de-marca\/#primaryimage\",\"url\":\"https:\/\/turbiani.com\/wpturbiani\/wp-content\/uploads\/2017\/05\/marcas_abrangentes_guarda-chuva.jpg\",\"contentUrl\":\"https:\/\/turbiani.com\/wpturbiani\/wp-content\/uploads\/2017\/05\/marcas_abrangentes_guarda-chuva.jpg\",\"width\":3072,\"height\":1929,\"caption\":\"Arquitetura de Marca\"},{\"@type\":\"BreadcrumbList\",\"@id\":\"https:\/\/turbiani.com\/wpturbiani\/o-que-e-arquitetura-de-marca\/#breadcrumb\",\"itemListElement\":[{\"@type\":\"ListItem\",\"position\":1,\"name\":\"In\u00edcio\",\"item\":\"https:\/\/turbiani.com\/wpturbiani\/\"},{\"@type\":\"ListItem\",\"position\":2,\"name\":\"O que \u00e9 arquitetura de marca e como isso impacta o seu neg\u00f3cio?\"}]},{\"@type\":\"WebSite\",\"@id\":\"https:\/\/turbiani.com\/wpturbiani\/#website\",\"url\":\"https:\/\/turbiani.com\/wpturbiani\/\",\"name\":\"Turbiani\",\"description\":\"Branding &amp; Design\",\"publisher\":{\"@id\":\"https:\/\/turbiani.com\/wpturbiani\/#organization\"},\"potentialAction\":[{\"@type\":\"SearchAction\",\"target\":{\"@type\":\"EntryPoint\",\"urlTemplate\":\"https:\/\/turbiani.com\/wpturbiani\/?s={search_term_string}\"},\"query-input\":{\"@type\":\"PropertyValueSpecification\",\"valueRequired\":true,\"valueName\":\"search_term_string\"}}],\"inLanguage\":\"pt-BR\"},{\"@type\":\"Organization\",\"@id\":\"https:\/\/turbiani.com\/wpturbiani\/#organization\",\"name\":\"Turbiani & Co :: Branding & Design\",\"url\":\"https:\/\/turbiani.com\/wpturbiani\/\",\"logo\":{\"@type\":\"ImageObject\",\"inLanguage\":\"pt-BR\",\"@id\":\"https:\/\/turbiani.com\/wpturbiani\/#\/schema\/logo\/image\/\",\"url\":\"https:\/\/turbiani.com\/wpturbiani\/wp-content\/uploads\/2025\/01\/Logo_Turbiani.png\",\"contentUrl\":\"https:\/\/turbiani.com\/wpturbiani\/wp-content\/uploads\/2025\/01\/Logo_Turbiani.png\",\"width\":276,\"height\":49,\"caption\":\"Turbiani & Co :: Branding & Design\"},\"image\":{\"@id\":\"https:\/\/turbiani.com\/wpturbiani\/#\/schema\/logo\/image\/\"},\"sameAs\":[\"https:\/\/www.facebook.com\/TurbianieCo\/\",\"https:\/\/www.instagram.com\/turbianieco\/\",\"https:\/\/www.youtube.com\/channel\/UC6pDEieGf83BbREKDBquCRQ\"]},{\"@type\":\"Person\",\"@id\":\"https:\/\/turbiani.com\/wpturbiani\/#\/schema\/person\/bd45377bf862b1e094ec5a4451d18347\",\"name\":\"Gabriella Turbiani\",\"image\":{\"@type\":\"ImageObject\",\"inLanguage\":\"pt-BR\",\"@id\":\"https:\/\/turbiani.com\/wpturbiani\/#\/schema\/person\/image\/\",\"url\":\"https:\/\/secure.gravatar.com\/avatar\/47104684a66566ff5fadf6a333ebeb01ed9fb4b81b2ba9e3fe0adae50453362f?s=96&d=retro&r=g\",\"contentUrl\":\"https:\/\/secure.gravatar.com\/avatar\/47104684a66566ff5fadf6a333ebeb01ed9fb4b81b2ba9e3fe0adae50453362f?s=96&d=retro&r=g\",\"caption\":\"Gabriella Turbiani\"},\"description\":\"Gabriella Turbiani \u00e9 designer h\u00e1 24 anos, com uma forma\u00e7\u00e3o em Design Gr\u00e1fico na ESAG\/Met de Penninghen, em Paris, onde viveu durante 10 anos. Iniciou sua carreira em Nova York, onde, durante 3 anos, trabalhou com webdesign e identidades visuais no Studio Mobile. No seu retorno ao Brasil, trabalhou em ag\u00eancias, com projetos variados de design e marketing para uma extensiva lista de clientes renomados, como Souza Cruz, Volkswagen, Gillette, Editora Edipresse, Oi, entre outras. Em parceria com a ag\u00eancia Bold\u00ba, do Rio de Janeiro, ganhou a medalha de ouro do Pr\u00eamio Colunistas Design_Brasil, pelo trabalho feito para a Orquestra Sinf\u00f4nica Brasileira, a OSB. Foi tamb\u00e9m jurada da categoria Cartazes da X\u00aa Bienal da ADG. Desde 2014, depois de um MBA em Branding na Rio Branco, Gabriella vem unindo seu conhecimento do design com ferramentas do Branding para criar e inserir novas marcas originais no mercado, sendo respons\u00e1vel pela estrat\u00e9gia, design e gest\u00e3o da comunica\u00e7\u00e3o visual completa. Em 2020 iniciou no universo da tecnologia e startups e em 2022 foi a UX respons\u00e1vel por 2 projetos na Rede d'Or. Hoje possui dois GPTs treinados para criar nome e marca de empresa e deu o pontap\u00e9 inicial na sua startup.\"}]}<\/script>\n<!-- \/ Yoast SEO plugin. -->","yoast_head_json":{"title":"O que \u00e9 arquitetura de marca e como isso impacta o seu neg\u00f3cio?","description":"O conceito de arquitetura de marca se refere essencialmente \u00e0 maneira como uma empresa escolhe organizar o seu portf\u00f3lio de marcas. Ele tem o objetivo de otimizar dois grandes movimentos de expans\u00e3o que s\u00e3o fundamentais para o sucesso de uma marca.","robots":{"index":"index","follow":"follow","max-snippet":"max-snippet:-1","max-image-preview":"max-image-preview:large","max-video-preview":"max-video-preview:-1"},"canonical":"https:\/\/turbiani.com\/wpturbiani\/o-que-e-arquitetura-de-marca\/","og_locale":"pt_BR","og_type":"article","og_title":"O que \u00e9 arquitetura de marca e como isso impacta o seu neg\u00f3cio?","og_description":"O conceito de arquitetura de marca se refere essencialmente \u00e0 maneira como uma empresa escolhe organizar o seu portf\u00f3lio de marcas. Ele tem o objetivo de otimizar dois grandes movimentos de expans\u00e3o que s\u00e3o fundamentais para o sucesso de uma marca.","og_url":"https:\/\/turbiani.com\/wpturbiani\/o-que-e-arquitetura-de-marca\/","og_site_name":"Turbiani","article_publisher":"https:\/\/www.facebook.com\/TurbianieCo\/","article_published_time":"2019-12-05T21:22:54+00:00","og_image":[{"width":3072,"height":1929,"url":"https:\/\/turbiani.com\/wpturbiani\/wp-content\/uploads\/2017\/05\/marcas_abrangentes_guarda-chuva.jpg","type":"image\/jpeg"}],"author":"Gabriella Turbiani","twitter_card":"summary_large_image","twitter_misc":{"Escrito por":"Gabriella Turbiani","Est. tempo de leitura":"8 minutos"},"schema":{"@context":"https:\/\/schema.org","@graph":[{"@type":"Article","@id":"https:\/\/turbiani.com\/wpturbiani\/o-que-e-arquitetura-de-marca\/#article","isPartOf":{"@id":"https:\/\/turbiani.com\/wpturbiani\/o-que-e-arquitetura-de-marca\/"},"author":{"name":"Gabriella Turbiani","@id":"https:\/\/turbiani.com\/wpturbiani\/#\/schema\/person\/bd45377bf862b1e094ec5a4451d18347"},"headline":"O que \u00e9 arquitetura de marca e como isso impacta o seu neg\u00f3cio?","datePublished":"2019-12-05T21:22:54+00:00","mainEntityOfPage":{"@id":"https:\/\/turbiani.com\/wpturbiani\/o-que-e-arquitetura-de-marca\/"},"wordCount":1549,"commentCount":0,"publisher":{"@id":"https:\/\/turbiani.com\/wpturbiani\/#organization"},"image":{"@id":"https:\/\/turbiani.com\/wpturbiani\/o-que-e-arquitetura-de-marca\/#primaryimage"},"thumbnailUrl":"https:\/\/turbiani.com\/wpturbiani\/wp-content\/uploads\/2017\/05\/marcas_abrangentes_guarda-chuva.jpg","articleSection":["Branding","Design"],"inLanguage":"pt-BR","potentialAction":[{"@type":"CommentAction","name":"Comment","target":["https:\/\/turbiani.com\/wpturbiani\/o-que-e-arquitetura-de-marca\/#respond"]}]},{"@type":"WebPage","@id":"https:\/\/turbiani.com\/wpturbiani\/o-que-e-arquitetura-de-marca\/","url":"https:\/\/turbiani.com\/wpturbiani\/o-que-e-arquitetura-de-marca\/","name":"O que \u00e9 arquitetura de marca e como isso impacta o seu neg\u00f3cio?","isPartOf":{"@id":"https:\/\/turbiani.com\/wpturbiani\/#website"},"primaryImageOfPage":{"@id":"https:\/\/turbiani.com\/wpturbiani\/o-que-e-arquitetura-de-marca\/#primaryimage"},"image":{"@id":"https:\/\/turbiani.com\/wpturbiani\/o-que-e-arquitetura-de-marca\/#primaryimage"},"thumbnailUrl":"https:\/\/turbiani.com\/wpturbiani\/wp-content\/uploads\/2017\/05\/marcas_abrangentes_guarda-chuva.jpg","datePublished":"2019-12-05T21:22:54+00:00","description":"O conceito de arquitetura de marca se refere essencialmente \u00e0 maneira como uma empresa escolhe organizar o seu portf\u00f3lio de marcas. Ele tem o objetivo de otimizar dois grandes movimentos de expans\u00e3o que s\u00e3o fundamentais para o sucesso de uma marca.","breadcrumb":{"@id":"https:\/\/turbiani.com\/wpturbiani\/o-que-e-arquitetura-de-marca\/#breadcrumb"},"inLanguage":"pt-BR","potentialAction":[{"@type":"ReadAction","target":["https:\/\/turbiani.com\/wpturbiani\/o-que-e-arquitetura-de-marca\/"]}]},{"@type":"ImageObject","inLanguage":"pt-BR","@id":"https:\/\/turbiani.com\/wpturbiani\/o-que-e-arquitetura-de-marca\/#primaryimage","url":"https:\/\/turbiani.com\/wpturbiani\/wp-content\/uploads\/2017\/05\/marcas_abrangentes_guarda-chuva.jpg","contentUrl":"https:\/\/turbiani.com\/wpturbiani\/wp-content\/uploads\/2017\/05\/marcas_abrangentes_guarda-chuva.jpg","width":3072,"height":1929,"caption":"Arquitetura de Marca"},{"@type":"BreadcrumbList","@id":"https:\/\/turbiani.com\/wpturbiani\/o-que-e-arquitetura-de-marca\/#breadcrumb","itemListElement":[{"@type":"ListItem","position":1,"name":"In\u00edcio","item":"https:\/\/turbiani.com\/wpturbiani\/"},{"@type":"ListItem","position":2,"name":"O que \u00e9 arquitetura de marca e como isso impacta o seu neg\u00f3cio?"}]},{"@type":"WebSite","@id":"https:\/\/turbiani.com\/wpturbiani\/#website","url":"https:\/\/turbiani.com\/wpturbiani\/","name":"Turbiani","description":"Branding &amp; Design","publisher":{"@id":"https:\/\/turbiani.com\/wpturbiani\/#organization"},"potentialAction":[{"@type":"SearchAction","target":{"@type":"EntryPoint","urlTemplate":"https:\/\/turbiani.com\/wpturbiani\/?s={search_term_string}"},"query-input":{"@type":"PropertyValueSpecification","valueRequired":true,"valueName":"search_term_string"}}],"inLanguage":"pt-BR"},{"@type":"Organization","@id":"https:\/\/turbiani.com\/wpturbiani\/#organization","name":"Turbiani & Co :: Branding & Design","url":"https:\/\/turbiani.com\/wpturbiani\/","logo":{"@type":"ImageObject","inLanguage":"pt-BR","@id":"https:\/\/turbiani.com\/wpturbiani\/#\/schema\/logo\/image\/","url":"https:\/\/turbiani.com\/wpturbiani\/wp-content\/uploads\/2025\/01\/Logo_Turbiani.png","contentUrl":"https:\/\/turbiani.com\/wpturbiani\/wp-content\/uploads\/2025\/01\/Logo_Turbiani.png","width":276,"height":49,"caption":"Turbiani & Co :: Branding & Design"},"image":{"@id":"https:\/\/turbiani.com\/wpturbiani\/#\/schema\/logo\/image\/"},"sameAs":["https:\/\/www.facebook.com\/TurbianieCo\/","https:\/\/www.instagram.com\/turbianieco\/","https:\/\/www.youtube.com\/channel\/UC6pDEieGf83BbREKDBquCRQ"]},{"@type":"Person","@id":"https:\/\/turbiani.com\/wpturbiani\/#\/schema\/person\/bd45377bf862b1e094ec5a4451d18347","name":"Gabriella Turbiani","image":{"@type":"ImageObject","inLanguage":"pt-BR","@id":"https:\/\/turbiani.com\/wpturbiani\/#\/schema\/person\/image\/","url":"https:\/\/secure.gravatar.com\/avatar\/47104684a66566ff5fadf6a333ebeb01ed9fb4b81b2ba9e3fe0adae50453362f?s=96&d=retro&r=g","contentUrl":"https:\/\/secure.gravatar.com\/avatar\/47104684a66566ff5fadf6a333ebeb01ed9fb4b81b2ba9e3fe0adae50453362f?s=96&d=retro&r=g","caption":"Gabriella Turbiani"},"description":"Gabriella Turbiani \u00e9 designer h\u00e1 24 anos, com uma forma\u00e7\u00e3o em Design Gr\u00e1fico na ESAG\/Met de Penninghen, em Paris, onde viveu durante 10 anos. Iniciou sua carreira em Nova York, onde, durante 3 anos, trabalhou com webdesign e identidades visuais no Studio Mobile. No seu retorno ao Brasil, trabalhou em ag\u00eancias, com projetos variados de design e marketing para uma extensiva lista de clientes renomados, como Souza Cruz, Volkswagen, Gillette, Editora Edipresse, Oi, entre outras. Em parceria com a ag\u00eancia Bold\u00ba, do Rio de Janeiro, ganhou a medalha de ouro do Pr\u00eamio Colunistas Design_Brasil, pelo trabalho feito para a Orquestra Sinf\u00f4nica Brasileira, a OSB. Foi tamb\u00e9m jurada da categoria Cartazes da X\u00aa Bienal da ADG. Desde 2014, depois de um MBA em Branding na Rio Branco, Gabriella vem unindo seu conhecimento do design com ferramentas do Branding para criar e inserir novas marcas originais no mercado, sendo respons\u00e1vel pela estrat\u00e9gia, design e gest\u00e3o da comunica\u00e7\u00e3o visual completa. Em 2020 iniciou no universo da tecnologia e startups e em 2022 foi a UX respons\u00e1vel por 2 projetos na Rede d'Or. Hoje possui dois GPTs treinados para criar nome e marca de empresa e deu o pontap\u00e9 inicial na sua startup."}]}},"_links":{"self":[{"href":"https:\/\/turbiani.com\/wpturbiani\/wp-json\/wp\/v2\/posts\/1774","targetHints":{"allow":["GET"]}}],"collection":[{"href":"https:\/\/turbiani.com\/wpturbiani\/wp-json\/wp\/v2\/posts"}],"about":[{"href":"https:\/\/turbiani.com\/wpturbiani\/wp-json\/wp\/v2\/types\/post"}],"author":[{"embeddable":true,"href":"https:\/\/turbiani.com\/wpturbiani\/wp-json\/wp\/v2\/users\/1"}],"replies":[{"embeddable":true,"href":"https:\/\/turbiani.com\/wpturbiani\/wp-json\/wp\/v2\/comments?post=1774"}],"version-history":[{"count":4,"href":"https:\/\/turbiani.com\/wpturbiani\/wp-json\/wp\/v2\/posts\/1774\/revisions"}],"predecessor-version":[{"id":1778,"href":"https:\/\/turbiani.com\/wpturbiani\/wp-json\/wp\/v2\/posts\/1774\/revisions\/1778"}],"wp:featuredmedia":[{"embeddable":true,"href":"https:\/\/turbiani.com\/wpturbiani\/wp-json\/wp\/v2\/media\/1302"}],"wp:attachment":[{"href":"https:\/\/turbiani.com\/wpturbiani\/wp-json\/wp\/v2\/media?parent=1774"}],"wp:term":[{"taxonomy":"category","embeddable":true,"href":"https:\/\/turbiani.com\/wpturbiani\/wp-json\/wp\/v2\/categories?post=1774"},{"taxonomy":"post_tag","embeddable":true,"href":"https:\/\/turbiani.com\/wpturbiani\/wp-json\/wp\/v2\/tags?post=1774"}],"curies":[{"name":"wp","href":"https:\/\/api.w.org\/{rel}","templated":true}]}}