{"id":1,"date":"2015-02-06T20:52:52","date_gmt":"2015-02-06T20:52:52","guid":{"rendered":"http:\/\/turbiani.com\/wpturbiani\/?p=1"},"modified":"2017-01-25T14:45:35","modified_gmt":"2017-01-25T17:45:35","slug":"ola-mundo","status":"publish","type":"post","link":"https:\/\/turbiani.com\/wpturbiani\/ola-mundo\/","title":{"rendered":"Cursos e palestras no forno."},"content":{"rendered":"<p>Estamos preparando alguns cursos e palestras sobre a cria\u00e7\u00e3o da marca para empreendedores e designers. Nosso objetivo \u00e9 espalhar conhecimento sobre a constru\u00e7\u00e3o de uma marca forte, do ponto de vista do branding e da comunica\u00e7\u00e3o visual.<\/p>\n<p>Sabemos o quanto \u00e9 dif\u00edcil a cria\u00e7\u00e3o do nome a marca, para come\u00e7ar do come\u00e7o. N\u00e3o daremos receitas milagre, \u00e9 necess\u00e1rio muitas horas de trabalho e total envolvimento do empreendedor no projeto. Falaremos tamb\u00e9m do profissional a contratar, conforme seus objetivos, para que nunca mais pensem em\u00a0publicit\u00e1rios ou artistas visuais para criarem um logotipo, por exemplo, ou do risco que voc\u00ea corre ao contratar designers atrav\u00e9s de sites de concorr\u00eancia muito baratos.<\/p>\n<p>Obrigada pela leitura e voc\u00ea pode me achar\u00a0<a href=\"https:\/\/br.linkedin.com\/in\/gturbiani\" target=\"_blank\">aqui<\/a>\u00a0no LinkedIn, ou\u00a0<a href=\"https:\/\/www.facebook.com\/gturbiani\" target=\"_blank\" rel=\"nofollow\">aqui<\/a>\u00a0no Facebook. Quem se interessar pelas aulas pode me mandar um email para\u00a0<a href=\"mailto:gabriella@turbiani.com\" target=\"_blank\" rel=\"nofollow\">gabriella@turbiani.com<\/a>\u00a0para entrar na minha lista de futuros alunos, que entro em contato quando tudo estiver pronto.<\/p>\n<p><em>\u2013\u2013<\/em><\/p>\n<p><em>Gabriella Turbiani \u00e9 fundadora da\u00a0<a href=\"https:\/\/www.facebook.com\/TurbianieCo\/\" target=\"_blank\" rel=\"nofollow\">Turbiani&amp;Co<\/a>, escrit\u00f3rio de branding e design com foco em micro, pequenas e m\u00e9dias empresas. Foi formada em Design Gr\u00e1fico na ESAG\/Penninghen, em Paris, e em Branding, com um MBA da Rio Branco. Um tanto n\u00f4made, al\u00e9m de 10 anos em Paris, viveu tamb\u00e9m em Nova York e no Rio de Janeiro, mas hoje est\u00e1 instalada em S\u00e3o Paulo. Gosta muito mais do contato direto com o fundador da empresa do que com departamentos corporativos, pois a empresa \u00e9 o reflexo da alma do seu dono.<\/em><br \/>\n<!-- Hotjar Tracking Code for http:\/\/www.turbiani.com --><br \/>\n<script>\n    (function(h,o,t,j,a,r){\n        h.hj=h.hj||function(){(h.hj.q=h.hj.q||[]).push(arguments)};\n        h._hjSettings={hjid:276456,hjsv:5};\n        a=o.getElementsByTagName('head')[0];\n        r=o.createElement('script');r.async=1;\n        r.src=t+h._hjSettings.hjid+j+h._hjSettings.hjsv;\n        a.appendChild(r);\n    })(window,document,'\/\/static.hotjar.com\/c\/hotjar-','.js?sv=');\n<\/script><\/p>\n","protected":false},"excerpt":{"rendered":"<p>Estamos preparando alguns cursos e palestras sobre a cria\u00e7\u00e3o da marca para empreendedores e designers. Nosso objetivo \u00e9 espalhar conhecimento sobre a constru\u00e7\u00e3o de uma marca forte, do ponto de vista do branding e da comunica\u00e7\u00e3o visual. Sabemos o quanto \u00e9 dif\u00edcil a cria\u00e7\u00e3o do nome a marca, para come\u00e7ar do come\u00e7o. N\u00e3o daremos receitas [&hellip;]<\/p>\n","protected":false},"author":1,"featured_media":431,"comment_status":"open","ping_status":"open","sticky":false,"template":"","format":"image","meta":{"footnotes":""},"categories":[21,38,3,37,36],"tags":[],"class_list":["post-1","post","type-post","status-publish","format-image","has-post-thumbnail","hentry","category-branding","category-cursos","category-design","category-marca","category-naming","post_format-post-format-image"],"yoast_head":"<!-- This site is optimized with the Yoast SEO plugin v25.3.1 - https:\/\/yoast.com\/wordpress\/plugins\/seo\/ -->\n<title>Cursos e palestras no forno. &#187; Turbiani<\/title>\n<meta name=\"robots\" content=\"index, follow, max-snippet:-1, max-image-preview:large, max-video-preview:-1\" \/>\n<link rel=\"canonical\" href=\"https:\/\/turbiani.com\/wpturbiani\/ola-mundo\/\" \/>\n<meta property=\"og:locale\" content=\"pt_BR\" \/>\n<meta property=\"og:type\" content=\"article\" \/>\n<meta property=\"og:title\" content=\"Cursos e palestras no forno. &#187; Turbiani\" \/>\n<meta property=\"og:description\" content=\"Estamos preparando alguns cursos e palestras sobre a cria\u00e7\u00e3o da marca para empreendedores e designers. Nosso objetivo \u00e9 espalhar conhecimento sobre a constru\u00e7\u00e3o de uma marca forte, do ponto de vista do branding e da comunica\u00e7\u00e3o visual. Sabemos o quanto \u00e9 dif\u00edcil a cria\u00e7\u00e3o do nome a marca, para come\u00e7ar do come\u00e7o. N\u00e3o daremos receitas [&hellip;]\" \/>\n<meta property=\"og:url\" content=\"https:\/\/turbiani.com\/wpturbiani\/ola-mundo\/\" \/>\n<meta property=\"og:site_name\" content=\"Turbiani\" \/>\n<meta property=\"article:publisher\" content=\"https:\/\/www.facebook.com\/TurbianieCo\/\" \/>\n<meta property=\"article:published_time\" content=\"2015-02-06T20:52:52+00:00\" \/>\n<meta property=\"article:modified_time\" content=\"2017-01-25T17:45:35+00:00\" \/>\n<meta property=\"og:image\" content=\"https:\/\/turbiani.com\/wpturbiani\/wp-content\/uploads\/2016\/03\/Retrato-TurbianiCo.png\" \/>\n\t<meta property=\"og:image:width\" content=\"334\" \/>\n\t<meta property=\"og:image:height\" content=\"334\" \/>\n\t<meta property=\"og:image:type\" content=\"image\/png\" \/>\n<meta name=\"author\" content=\"Gabriella Turbiani\" \/>\n<meta name=\"twitter:card\" content=\"summary_large_image\" \/>\n<meta name=\"twitter:label1\" content=\"Escrito por\" \/>\n\t<meta name=\"twitter:data1\" content=\"Gabriella Turbiani\" \/>\n\t<meta name=\"twitter:label2\" content=\"Est. tempo de leitura\" \/>\n\t<meta name=\"twitter:data2\" content=\"1 minuto\" \/>\n<script type=\"application\/ld+json\" class=\"yoast-schema-graph\">{\"@context\":\"https:\/\/schema.org\",\"@graph\":[{\"@type\":\"Article\",\"@id\":\"https:\/\/turbiani.com\/wpturbiani\/ola-mundo\/#article\",\"isPartOf\":{\"@id\":\"https:\/\/turbiani.com\/wpturbiani\/ola-mundo\/\"},\"author\":{\"name\":\"Gabriella Turbiani\",\"@id\":\"https:\/\/turbiani.com\/wpturbiani\/#\/schema\/person\/bd45377bf862b1e094ec5a4451d18347\"},\"headline\":\"Cursos e palestras no forno.\",\"datePublished\":\"2015-02-06T20:52:52+00:00\",\"dateModified\":\"2017-01-25T17:45:35+00:00\",\"mainEntityOfPage\":{\"@id\":\"https:\/\/turbiani.com\/wpturbiani\/ola-mundo\/\"},\"wordCount\":267,\"commentCount\":0,\"publisher\":{\"@id\":\"https:\/\/turbiani.com\/wpturbiani\/#organization\"},\"image\":{\"@id\":\"https:\/\/turbiani.com\/wpturbiani\/ola-mundo\/#primaryimage\"},\"thumbnailUrl\":\"https:\/\/turbiani.com\/wpturbiani\/wp-content\/uploads\/2016\/03\/Retrato-TurbianiCo.png\",\"articleSection\":[\"Branding\",\"Cursos\",\"Design\",\"Marca\",\"Naming\"],\"inLanguage\":\"pt-BR\",\"potentialAction\":[{\"@type\":\"CommentAction\",\"name\":\"Comment\",\"target\":[\"https:\/\/turbiani.com\/wpturbiani\/ola-mundo\/#respond\"]}]},{\"@type\":\"WebPage\",\"@id\":\"https:\/\/turbiani.com\/wpturbiani\/ola-mundo\/\",\"url\":\"https:\/\/turbiani.com\/wpturbiani\/ola-mundo\/\",\"name\":\"Cursos e palestras no forno. &#187; Turbiani\",\"isPartOf\":{\"@id\":\"https:\/\/turbiani.com\/wpturbiani\/#website\"},\"primaryImageOfPage\":{\"@id\":\"https:\/\/turbiani.com\/wpturbiani\/ola-mundo\/#primaryimage\"},\"image\":{\"@id\":\"https:\/\/turbiani.com\/wpturbiani\/ola-mundo\/#primaryimage\"},\"thumbnailUrl\":\"https:\/\/turbiani.com\/wpturbiani\/wp-content\/uploads\/2016\/03\/Retrato-TurbianiCo.png\",\"datePublished\":\"2015-02-06T20:52:52+00:00\",\"dateModified\":\"2017-01-25T17:45:35+00:00\",\"breadcrumb\":{\"@id\":\"https:\/\/turbiani.com\/wpturbiani\/ola-mundo\/#breadcrumb\"},\"inLanguage\":\"pt-BR\",\"potentialAction\":[{\"@type\":\"ReadAction\",\"target\":[\"https:\/\/turbiani.com\/wpturbiani\/ola-mundo\/\"]}]},{\"@type\":\"ImageObject\",\"inLanguage\":\"pt-BR\",\"@id\":\"https:\/\/turbiani.com\/wpturbiani\/ola-mundo\/#primaryimage\",\"url\":\"https:\/\/turbiani.com\/wpturbiani\/wp-content\/uploads\/2016\/03\/Retrato-TurbianiCo.png\",\"contentUrl\":\"https:\/\/turbiani.com\/wpturbiani\/wp-content\/uploads\/2016\/03\/Retrato-TurbianiCo.png\",\"width\":334,\"height\":334},{\"@type\":\"BreadcrumbList\",\"@id\":\"https:\/\/turbiani.com\/wpturbiani\/ola-mundo\/#breadcrumb\",\"itemListElement\":[{\"@type\":\"ListItem\",\"position\":1,\"name\":\"In\u00edcio\",\"item\":\"https:\/\/turbiani.com\/wpturbiani\/\"},{\"@type\":\"ListItem\",\"position\":2,\"name\":\"Cursos e palestras no forno.\"}]},{\"@type\":\"WebSite\",\"@id\":\"https:\/\/turbiani.com\/wpturbiani\/#website\",\"url\":\"https:\/\/turbiani.com\/wpturbiani\/\",\"name\":\"Turbiani\",\"description\":\"Branding &amp; Design\",\"publisher\":{\"@id\":\"https:\/\/turbiani.com\/wpturbiani\/#organization\"},\"potentialAction\":[{\"@type\":\"SearchAction\",\"target\":{\"@type\":\"EntryPoint\",\"urlTemplate\":\"https:\/\/turbiani.com\/wpturbiani\/?s={search_term_string}\"},\"query-input\":{\"@type\":\"PropertyValueSpecification\",\"valueRequired\":true,\"valueName\":\"search_term_string\"}}],\"inLanguage\":\"pt-BR\"},{\"@type\":\"Organization\",\"@id\":\"https:\/\/turbiani.com\/wpturbiani\/#organization\",\"name\":\"Turbiani & Co :: Branding & Design\",\"url\":\"https:\/\/turbiani.com\/wpturbiani\/\",\"logo\":{\"@type\":\"ImageObject\",\"inLanguage\":\"pt-BR\",\"@id\":\"https:\/\/turbiani.com\/wpturbiani\/#\/schema\/logo\/image\/\",\"url\":\"https:\/\/turbiani.com\/wpturbiani\/wp-content\/uploads\/2025\/01\/Logo_Turbiani.png\",\"contentUrl\":\"https:\/\/turbiani.com\/wpturbiani\/wp-content\/uploads\/2025\/01\/Logo_Turbiani.png\",\"width\":276,\"height\":49,\"caption\":\"Turbiani & Co :: Branding & Design\"},\"image\":{\"@id\":\"https:\/\/turbiani.com\/wpturbiani\/#\/schema\/logo\/image\/\"},\"sameAs\":[\"https:\/\/www.facebook.com\/TurbianieCo\/\",\"https:\/\/www.instagram.com\/turbianieco\/\",\"https:\/\/www.youtube.com\/channel\/UC6pDEieGf83BbREKDBquCRQ\"]},{\"@type\":\"Person\",\"@id\":\"https:\/\/turbiani.com\/wpturbiani\/#\/schema\/person\/bd45377bf862b1e094ec5a4451d18347\",\"name\":\"Gabriella Turbiani\",\"image\":{\"@type\":\"ImageObject\",\"inLanguage\":\"pt-BR\",\"@id\":\"https:\/\/turbiani.com\/wpturbiani\/#\/schema\/person\/image\/\",\"url\":\"https:\/\/secure.gravatar.com\/avatar\/47104684a66566ff5fadf6a333ebeb01ed9fb4b81b2ba9e3fe0adae50453362f?s=96&d=retro&r=g\",\"contentUrl\":\"https:\/\/secure.gravatar.com\/avatar\/47104684a66566ff5fadf6a333ebeb01ed9fb4b81b2ba9e3fe0adae50453362f?s=96&d=retro&r=g\",\"caption\":\"Gabriella Turbiani\"},\"description\":\"Gabriella Turbiani \u00e9 designer h\u00e1 24 anos, com uma forma\u00e7\u00e3o em Design Gr\u00e1fico na ESAG\/Met de Penninghen, em Paris, onde viveu durante 10 anos. Iniciou sua carreira em Nova York, onde, durante 3 anos, trabalhou com webdesign e identidades visuais no Studio Mobile. No seu retorno ao Brasil, trabalhou em ag\u00eancias, com projetos variados de design e marketing para uma extensiva lista de clientes renomados, como Souza Cruz, Volkswagen, Gillette, Editora Edipresse, Oi, entre outras. Em parceria com a ag\u00eancia Bold\u00ba, do Rio de Janeiro, ganhou a medalha de ouro do Pr\u00eamio Colunistas Design_Brasil, pelo trabalho feito para a Orquestra Sinf\u00f4nica Brasileira, a OSB. Foi tamb\u00e9m jurada da categoria Cartazes da X\u00aa Bienal da ADG. Desde 2014, depois de um MBA em Branding na Rio Branco, Gabriella vem unindo seu conhecimento do design com ferramentas do Branding para criar e inserir novas marcas originais no mercado, sendo respons\u00e1vel pela estrat\u00e9gia, design e gest\u00e3o da comunica\u00e7\u00e3o visual completa. Em 2020 iniciou no universo da tecnologia e startups e em 2022 foi a UX respons\u00e1vel por 2 projetos na Rede d'Or. Hoje possui dois GPTs treinados para criar nome e marca de empresa e deu o pontap\u00e9 inicial na sua startup.\"}]}<\/script>\n<!-- \/ Yoast SEO plugin. -->","yoast_head_json":{"title":"Cursos e palestras no forno. &#187; Turbiani","robots":{"index":"index","follow":"follow","max-snippet":"max-snippet:-1","max-image-preview":"max-image-preview:large","max-video-preview":"max-video-preview:-1"},"canonical":"https:\/\/turbiani.com\/wpturbiani\/ola-mundo\/","og_locale":"pt_BR","og_type":"article","og_title":"Cursos e palestras no forno. &#187; Turbiani","og_description":"Estamos preparando alguns cursos e palestras sobre a cria\u00e7\u00e3o da marca para empreendedores e designers. Nosso objetivo \u00e9 espalhar conhecimento sobre a constru\u00e7\u00e3o de uma marca forte, do ponto de vista do branding e da comunica\u00e7\u00e3o visual. Sabemos o quanto \u00e9 dif\u00edcil a cria\u00e7\u00e3o do nome a marca, para come\u00e7ar do come\u00e7o. N\u00e3o daremos receitas [&hellip;]","og_url":"https:\/\/turbiani.com\/wpturbiani\/ola-mundo\/","og_site_name":"Turbiani","article_publisher":"https:\/\/www.facebook.com\/TurbianieCo\/","article_published_time":"2015-02-06T20:52:52+00:00","article_modified_time":"2017-01-25T17:45:35+00:00","og_image":[{"width":334,"height":334,"url":"https:\/\/turbiani.com\/wpturbiani\/wp-content\/uploads\/2016\/03\/Retrato-TurbianiCo.png","type":"image\/png"}],"author":"Gabriella Turbiani","twitter_card":"summary_large_image","twitter_misc":{"Escrito por":"Gabriella Turbiani","Est. tempo de leitura":"1 minuto"},"schema":{"@context":"https:\/\/schema.org","@graph":[{"@type":"Article","@id":"https:\/\/turbiani.com\/wpturbiani\/ola-mundo\/#article","isPartOf":{"@id":"https:\/\/turbiani.com\/wpturbiani\/ola-mundo\/"},"author":{"name":"Gabriella Turbiani","@id":"https:\/\/turbiani.com\/wpturbiani\/#\/schema\/person\/bd45377bf862b1e094ec5a4451d18347"},"headline":"Cursos e palestras no forno.","datePublished":"2015-02-06T20:52:52+00:00","dateModified":"2017-01-25T17:45:35+00:00","mainEntityOfPage":{"@id":"https:\/\/turbiani.com\/wpturbiani\/ola-mundo\/"},"wordCount":267,"commentCount":0,"publisher":{"@id":"https:\/\/turbiani.com\/wpturbiani\/#organization"},"image":{"@id":"https:\/\/turbiani.com\/wpturbiani\/ola-mundo\/#primaryimage"},"thumbnailUrl":"https:\/\/turbiani.com\/wpturbiani\/wp-content\/uploads\/2016\/03\/Retrato-TurbianiCo.png","articleSection":["Branding","Cursos","Design","Marca","Naming"],"inLanguage":"pt-BR","potentialAction":[{"@type":"CommentAction","name":"Comment","target":["https:\/\/turbiani.com\/wpturbiani\/ola-mundo\/#respond"]}]},{"@type":"WebPage","@id":"https:\/\/turbiani.com\/wpturbiani\/ola-mundo\/","url":"https:\/\/turbiani.com\/wpturbiani\/ola-mundo\/","name":"Cursos e palestras no forno. &#187; Turbiani","isPartOf":{"@id":"https:\/\/turbiani.com\/wpturbiani\/#website"},"primaryImageOfPage":{"@id":"https:\/\/turbiani.com\/wpturbiani\/ola-mundo\/#primaryimage"},"image":{"@id":"https:\/\/turbiani.com\/wpturbiani\/ola-mundo\/#primaryimage"},"thumbnailUrl":"https:\/\/turbiani.com\/wpturbiani\/wp-content\/uploads\/2016\/03\/Retrato-TurbianiCo.png","datePublished":"2015-02-06T20:52:52+00:00","dateModified":"2017-01-25T17:45:35+00:00","breadcrumb":{"@id":"https:\/\/turbiani.com\/wpturbiani\/ola-mundo\/#breadcrumb"},"inLanguage":"pt-BR","potentialAction":[{"@type":"ReadAction","target":["https:\/\/turbiani.com\/wpturbiani\/ola-mundo\/"]}]},{"@type":"ImageObject","inLanguage":"pt-BR","@id":"https:\/\/turbiani.com\/wpturbiani\/ola-mundo\/#primaryimage","url":"https:\/\/turbiani.com\/wpturbiani\/wp-content\/uploads\/2016\/03\/Retrato-TurbianiCo.png","contentUrl":"https:\/\/turbiani.com\/wpturbiani\/wp-content\/uploads\/2016\/03\/Retrato-TurbianiCo.png","width":334,"height":334},{"@type":"BreadcrumbList","@id":"https:\/\/turbiani.com\/wpturbiani\/ola-mundo\/#breadcrumb","itemListElement":[{"@type":"ListItem","position":1,"name":"In\u00edcio","item":"https:\/\/turbiani.com\/wpturbiani\/"},{"@type":"ListItem","position":2,"name":"Cursos e palestras no forno."}]},{"@type":"WebSite","@id":"https:\/\/turbiani.com\/wpturbiani\/#website","url":"https:\/\/turbiani.com\/wpturbiani\/","name":"Turbiani","description":"Branding &amp; Design","publisher":{"@id":"https:\/\/turbiani.com\/wpturbiani\/#organization"},"potentialAction":[{"@type":"SearchAction","target":{"@type":"EntryPoint","urlTemplate":"https:\/\/turbiani.com\/wpturbiani\/?s={search_term_string}"},"query-input":{"@type":"PropertyValueSpecification","valueRequired":true,"valueName":"search_term_string"}}],"inLanguage":"pt-BR"},{"@type":"Organization","@id":"https:\/\/turbiani.com\/wpturbiani\/#organization","name":"Turbiani & Co :: Branding & Design","url":"https:\/\/turbiani.com\/wpturbiani\/","logo":{"@type":"ImageObject","inLanguage":"pt-BR","@id":"https:\/\/turbiani.com\/wpturbiani\/#\/schema\/logo\/image\/","url":"https:\/\/turbiani.com\/wpturbiani\/wp-content\/uploads\/2025\/01\/Logo_Turbiani.png","contentUrl":"https:\/\/turbiani.com\/wpturbiani\/wp-content\/uploads\/2025\/01\/Logo_Turbiani.png","width":276,"height":49,"caption":"Turbiani & Co :: Branding & Design"},"image":{"@id":"https:\/\/turbiani.com\/wpturbiani\/#\/schema\/logo\/image\/"},"sameAs":["https:\/\/www.facebook.com\/TurbianieCo\/","https:\/\/www.instagram.com\/turbianieco\/","https:\/\/www.youtube.com\/channel\/UC6pDEieGf83BbREKDBquCRQ"]},{"@type":"Person","@id":"https:\/\/turbiani.com\/wpturbiani\/#\/schema\/person\/bd45377bf862b1e094ec5a4451d18347","name":"Gabriella Turbiani","image":{"@type":"ImageObject","inLanguage":"pt-BR","@id":"https:\/\/turbiani.com\/wpturbiani\/#\/schema\/person\/image\/","url":"https:\/\/secure.gravatar.com\/avatar\/47104684a66566ff5fadf6a333ebeb01ed9fb4b81b2ba9e3fe0adae50453362f?s=96&d=retro&r=g","contentUrl":"https:\/\/secure.gravatar.com\/avatar\/47104684a66566ff5fadf6a333ebeb01ed9fb4b81b2ba9e3fe0adae50453362f?s=96&d=retro&r=g","caption":"Gabriella Turbiani"},"description":"Gabriella Turbiani \u00e9 designer h\u00e1 24 anos, com uma forma\u00e7\u00e3o em Design Gr\u00e1fico na ESAG\/Met de Penninghen, em Paris, onde viveu durante 10 anos. Iniciou sua carreira em Nova York, onde, durante 3 anos, trabalhou com webdesign e identidades visuais no Studio Mobile. No seu retorno ao Brasil, trabalhou em ag\u00eancias, com projetos variados de design e marketing para uma extensiva lista de clientes renomados, como Souza Cruz, Volkswagen, Gillette, Editora Edipresse, Oi, entre outras. Em parceria com a ag\u00eancia Bold\u00ba, do Rio de Janeiro, ganhou a medalha de ouro do Pr\u00eamio Colunistas Design_Brasil, pelo trabalho feito para a Orquestra Sinf\u00f4nica Brasileira, a OSB. Foi tamb\u00e9m jurada da categoria Cartazes da X\u00aa Bienal da ADG. Desde 2014, depois de um MBA em Branding na Rio Branco, Gabriella vem unindo seu conhecimento do design com ferramentas do Branding para criar e inserir novas marcas originais no mercado, sendo respons\u00e1vel pela estrat\u00e9gia, design e gest\u00e3o da comunica\u00e7\u00e3o visual completa. Em 2020 iniciou no universo da tecnologia e startups e em 2022 foi a UX respons\u00e1vel por 2 projetos na Rede d'Or. Hoje possui dois GPTs treinados para criar nome e marca de empresa e deu o pontap\u00e9 inicial na sua startup."}]}},"_links":{"self":[{"href":"https:\/\/turbiani.com\/wpturbiani\/wp-json\/wp\/v2\/posts\/1","targetHints":{"allow":["GET"]}}],"collection":[{"href":"https:\/\/turbiani.com\/wpturbiani\/wp-json\/wp\/v2\/posts"}],"about":[{"href":"https:\/\/turbiani.com\/wpturbiani\/wp-json\/wp\/v2\/types\/post"}],"author":[{"embeddable":true,"href":"https:\/\/turbiani.com\/wpturbiani\/wp-json\/wp\/v2\/users\/1"}],"replies":[{"embeddable":true,"href":"https:\/\/turbiani.com\/wpturbiani\/wp-json\/wp\/v2\/comments?post=1"}],"version-history":[{"count":5,"href":"https:\/\/turbiani.com\/wpturbiani\/wp-json\/wp\/v2\/posts\/1\/revisions"}],"predecessor-version":[{"id":1269,"href":"https:\/\/turbiani.com\/wpturbiani\/wp-json\/wp\/v2\/posts\/1\/revisions\/1269"}],"wp:featuredmedia":[{"embeddable":true,"href":"https:\/\/turbiani.com\/wpturbiani\/wp-json\/wp\/v2\/media\/431"}],"wp:attachment":[{"href":"https:\/\/turbiani.com\/wpturbiani\/wp-json\/wp\/v2\/media?parent=1"}],"wp:term":[{"taxonomy":"category","embeddable":true,"href":"https:\/\/turbiani.com\/wpturbiani\/wp-json\/wp\/v2\/categories?post=1"},{"taxonomy":"post_tag","embeddable":true,"href":"https:\/\/turbiani.com\/wpturbiani\/wp-json\/wp\/v2\/tags?post=1"}],"curies":[{"name":"wp","href":"https:\/\/api.w.org\/{rel}","templated":true}]}}